{"id":19155,"date":"2020-10-23T16:02:17","date_gmt":"2020-10-23T21:02:17","guid":{"rendered":"http:\/\/www.zonaroja.com.mx\/?p=19155"},"modified":"2020-10-23T16:02:21","modified_gmt":"2020-10-23T21:02:21","slug":"el-ieepo-omiso-ante-denuncia-de-maltrato-a-menores-con-discapacidad","status":"publish","type":"post","link":"https:\/\/zonaroja.com.mx\/?p=19155","title":{"rendered":"El IEEPO, omiso ante denuncia de maltrato a menores con discapacidad"},"content":{"rendered":"\n<p>Evlin Arag\u00f3n\/Zona Roja.<\/p>\n\n\n\n<p>Oaxaca de Ju\u00e1rez, Oax., 23 de octubre de 2020.- Madres y padres de familia de menores con discapacidad, denunciaron la completa omisi\u00f3n por parte del Instituto Estatal de Educaci\u00f3n P\u00fablica de Oaxaca (IEEPO), para atender la problem\u00e1tica al interior del Centro de Atenci\u00f3n M\u00faltiple 24 del municipio de Tamazul\u00e1pam del Progreso, donde acusaron violencia por parte de la directora del plantel.<\/p>\n\n\n\n<p>As\u00ed lo dio a conocer Elmar Mendoza Vega, quien esta ma\u00f1ana se aperson\u00f3 en la sede de la Defensor\u00eda de los Derechos Humanos, en la capital del estado, y record\u00f3 que hace un mes denunciaron las agresiones de las que fueron v\u00edctimas ni\u00f1as, ni\u00f1os y j\u00f3venes con discapacidad por parte del personal de la instituci\u00f3n encabezado por Griselda Arrollo L\u00f3pez<\/p>\n\n\n\n<p>Pese a ello, no hay respuesta por parte del titular del IEEPO, Francisco \u00c1ngel Villareal, quien ha ido omiso a la problem\u00e1tica que enfrentan 24 infantes y j\u00f3venes con discapacidad intelectual y motriz, par\u00e1lisis cerebral y autismo, pese a que el conflicto se detect\u00f3 hace 11 meses.<\/p>\n\n\n\n<p>\u201cDespu\u00e9s de 11 meses de solicitar audiencia con el titular del IEEPO no hemos sido recibidos por \u00e9l. Hemos sido testigos que en sus discursos refiere su puntual atenci\u00f3n a la educaci\u00f3n, sin embargo, son letra muerta ya que en nuestro caso no ha tenido la sensibilidad de atendernos\u201d, dijo Mendoza Vega.<\/p>\n\n\n\n<p>As\u00ed mismo, se\u00f1al\u00f3 que Enrique Camarillo Ram\u00edrez y Juan Jos\u00e9 Ruiz Vel\u00e1squez, ambos delegados del IEEPO, conociendo la situaci\u00f3n, se han puesto de lado de la directora, respaldado sus acciones y dici\u00e9ndoles que si no les parece, busquen otro lugar para sus hijos.<\/p>\n\n\n\n<p>En este sentido, explic\u00f3 que existe una resoluci\u00f3n por parte del Juez del Tercer Distrito, que dio entrada a su demanda de amparo y le ha requerido a la autoridad educativa para que en 15 d\u00edas atienda su petici\u00f3n, la cual en caso de no atender lo har\u00e1 acreedor a una multa de cien a mil unidades de actualizaci\u00f3n.&nbsp;<\/p>\n\n\n\n<p>Record\u00f3 que la constante desatenci\u00f3n, pellizcos, golpes, incluso intento de abuso sexual, forman parte de la violencia que se vivi\u00f3 al interior del CAM, por lo que padres y madres de familia alzaron la voz y piden como demanda principal la destituci\u00f3n de toda la plantilla docente y la asignaci\u00f3n de una nueva especializada, ya que no existe confianza en el buen trato a la poblaci\u00f3n infantil.&nbsp;<\/p>\n\n\n\n<p>Ante la falta de atenci\u00f3n por parte del IEEPO, han acudido a la Defensor\u00eda de los Derechos Humanos del Pueblo de Oaxaca y hoy hacen un llamado a la presidenta del DIF, Ivette Mor\u00e1n de Murat, para que pueda interferir en beneficio de la poblaci\u00f3n con discapacidad, doblemente vulnerable ante actos de violencia.&nbsp;<\/p>\n\n\n\n<p>La violencia a la poblaci\u00f3n infantil y juvenil no ha sido el \u00fanico problema, ya que la directora tambi\u00e9n saqueo la instituci\u00f3n, lo cual deriv\u00f3 en el resguardo de las instalaciones por parte de madres y padres de familia, sin embargo, no existe en este momento atenci\u00f3n presencial ni virtual para la poblaci\u00f3n que as\u00ed lo requiere.&nbsp;<\/p>\n","protected":false},"excerpt":{"rendered":"<p>Evlin Arag\u00f3n\/Zona Roja. Oaxaca de Ju\u00e1rez, Oax., 23 de octubre de 2020.- Madres y padres&hellip;<\/p>\n","protected":false},"author":2,"featured_media":19156,"comment_status":"closed","ping_status":"open","sticky":false,"template":"","format":"standard","meta":{"_lmt_disableupdate":"","_lmt_disable":"","_jetpack_memberships_contains_paid_content":false,"footnotes":""},"categories":[109,47],"tags":[2133,599],"class_list":["post-19155","post","type-post","status-publish","format-standard","has-post-thumbnail","hentry","category-minuto-a-minuto","category-zona-gris","tag-cam-tamazulapam-del-progreso","tag-instituto-estatal-de-educacion-publica-de-oaxaca"],"jetpack_featured_media_url":"https:\/\/zonaroja.com.mx\/wp-content\/uploads\/2020\/10\/Denuncia-Tamazulapam.jpg","jetpack_sharing_enabled":true,"_links":{"self":[{"href":"https:\/\/zonaroja.com.mx\/index.php?rest_route=\/wp\/v2\/posts\/19155","targetHints":{"allow":["GET"]}}],"collection":[{"href":"https:\/\/zonaroja.com.mx\/index.php?rest_route=\/wp\/v2\/posts"}],"about":[{"href":"https:\/\/zonaroja.com.mx\/index.php?rest_route=\/wp\/v2\/types\/post"}],"author":[{"embeddable":true,"href":"https:\/\/zonaroja.com.mx\/index.php?rest_route=\/wp\/v2\/users\/2"}],"replies":[{"embeddable":true,"href":"https:\/\/zonaroja.com.mx\/index.php?rest_route=%2Fwp%2Fv2%2Fcomments&post=19155"}],"version-history":[{"count":1,"href":"https:\/\/zonaroja.com.mx\/index.php?rest_route=\/wp\/v2\/posts\/19155\/revisions"}],"predecessor-version":[{"id":19157,"href":"https:\/\/zonaroja.com.mx\/index.php?rest_route=\/wp\/v2\/posts\/19155\/revisions\/19157"}],"wp:featuredmedia":[{"embeddable":true,"href":"https:\/\/zonaroja.com.mx\/index.php?rest_route=\/wp\/v2\/media\/19156"}],"wp:attachment":[{"href":"https:\/\/zonaroja.com.mx\/index.php?rest_route=%2Fwp%2Fv2%2Fmedia&parent=19155"}],"wp:term":[{"taxonomy":"category","embeddable":true,"href":"https:\/\/zonaroja.com.mx\/index.php?rest_route=%2Fwp%2Fv2%2Fcategories&post=19155"},{"taxonomy":"post_tag","embeddable":true,"href":"https:\/\/zonaroja.com.mx\/index.php?rest_route=%2Fwp%2Fv2%2Ftags&post=19155"}],"curies":[{"name":"wp","href":"https:\/\/api.w.org\/{rel}","templated":true}]}}