{"id":19158,"date":"2020-10-23T18:28:40","date_gmt":"2020-10-23T23:28:40","guid":{"rendered":"http:\/\/www.zonaroja.com.mx\/?p=19158"},"modified":"2020-10-23T18:28:43","modified_gmt":"2020-10-23T23:28:43","slug":"caso-heriberto-pazos-solo-mesas-informativas-ofrece-la-fiscalia","status":"publish","type":"post","link":"https:\/\/zonaroja.com.mx\/?p=19158","title":{"rendered":"Caso Heriberto Pazos: s\u00f3lo mesas informativas ofrece la Fiscal\u00eda"},"content":{"rendered":"\n<p>Yuridiana Sosa\/Zona Roja.<\/p>\n\n\n\n<p>Oaxaca de Ju\u00e1rez, Oax., 23 de octubre de 2020.- Al menos tres organizaciones sociales se movilizaron este mi\u00e9rcoles a fin de exigir justicia para Heriberto Pazos Ortiz, l\u00edder del MULT asesinado hace 10 a\u00f1os.<\/p>\n\n\n\n<p>Sin embargo, tras el desd\u00e9n de la Fiscal\u00eda General de Justicia del Estado, \u201cpor miedo al Covid\u201d, al final el titular de la instancia Rub\u00e9n Vasconcelos M\u00e9ndez, s\u00f3lo les ofreci\u00f3 mesas de trabajo peri\u00f3dicas para dar seguimiento al caso.<\/p>\n\n\n\n<p>Fue despu\u00e9s de las 14:00 horas en que &#8211;tras cancelar la primera reuni\u00f3n, en que<\/p>\n\n\n\n<p>la Fiscal\u00eda y la Secretar\u00eda General de Gobierno recibieron a los familiares del finado dirigente social y a una comisi\u00f3n de las organizaciones que este viernes se movilizaron.<\/p>\n\n\n\n<p>A una d\u00e9cada del hecho y por el que a\u00fan falta la aprehensi\u00f3n de los autores intelectuales, el fiscal Vasconcelos M\u00e9ndez s\u00f3lo se comprometi\u00f3 a reunirse con los familiares de Pazos Ortiz de forma peri\u00f3dica para informarles de los avances, inform\u00f3 el dirigente de la organizaci\u00f3n \u201c23 de Octubre\u201d, Alejandro Escobar S\u00e1nchez.<\/p>\n\n\n\n<p>\u201cHay \u00f3rdenes de aprehensi\u00f3n pendientes a pesar de haber recompensas de un mill\u00f3n de pesos. No nos vamos a cansar de pedir justicia. As\u00ed como para los desaparecidos\u201d, expres\u00f3.<\/p>\n\n\n\n<p>Escobar S\u00e1nchez se\u00f1al\u00f3 que, de forma particular durante la administraci\u00f3n estatal actual, con Vasconcelos M\u00e9ndez al frente de la Fiscal\u00eda el caso de Heriberto Pazos se estanc\u00f3.<\/p>\n\n\n\n<p>Compar\u00f3 los trabajos actuales respecto a la administraci\u00f3n anterior, a trav\u00e9s de una Fiscal\u00eda Especializada de Delitos de Alto Impacto, donde asegur\u00f3 hab\u00eda mayores atenciones.<\/p>\n\n\n\n<figure class=\"wp-block-embed-twitter wp-block-embed is-type-rich is-provider-twitter\"><div class=\"wp-block-embed__wrapper\">\n<div class=\"twitter-tweet\"><blockquote class=\"twitter-tweet\" data-lang=\"es\"><p lang=\"es\" dir=\"ltr\">\u201cEl <a href=\"https:\/\/twitter.com\/GobOax?ref_src=twsrc%5Etfw\">@GobOax<\/a> nos quiere minimizar; nos iba a atender una comisi\u00f3n y resulta que el Fiscal <a href=\"https:\/\/twitter.com\/RVasconcelosM?ref_src=twsrc%5Etfw\">@RVasconcelosM<\/a> le tiene miedo al Covid\u201d,reproch\u00f3 un representante de la organizaci\u00f3n \u201c23 de Octubre\u201d que demanda justicia por el crimen de Heriberto Pazos;mantienen bloqueo a v\u00eda federal 175. <a href=\"https:\/\/t.co\/RBLNK2LJr5\">pic.twitter.com\/RBLNK2LJr5<\/a><\/p>&mdash; Zona Roja Oaxaca (@MexRoja) <a href=\"https:\/\/twitter.com\/MexRoja\/status\/1319725036710825986?ref_src=twsrc%5Etfw\">23 de octubre de 2020<\/a><\/blockquote><\/div>\n<\/div><\/figure>\n\n\n\n<p>LAS MOVILIZACIONES<\/p>\n\n\n\n<p>Desde temprana hora cientos, de militantes de la organizaci\u00f3n \u201c23 de Octubre\u201d, MULT y API en conjunto con PUP, arribaron a la capital, provenientes de distintas comunidades en las que mantienen presencia, principalmente en la regi\u00f3n Mixteca, en la zona triqui.<\/p>\n\n\n\n<p>Aunque cada grupo se moviliz\u00f3 de forma separada, coincidieron en la falta de trabajo de la Fiscal\u00eda General del Estado, que dirige Rub\u00e9n Vasconcelos M\u00e9ndez, para concluir el proceso de investigaci\u00f3n de este caso con la detenci\u00f3n de los autores intelectuales y sentencias.<\/p>\n\n\n\n<p>Integrantes del Movimiento de Unificaci\u00f3n y Lucha Triqui (MULT) realizaron un evento masivo en la Alameda de Le\u00f3n para recordar a su l\u00edder, posteriormente acudieron en marcha hasta el pante\u00f3n general de la ciudad de Oaxaca para colocar una corona floral en memoria de Pazos Ortiz.<\/p>\n\n\n\n<p>En el z\u00f3calo se reunieron por los mismos motivos miembros de la Asamblea de Pueblos Ind\u00edgenas y el Partido Unidad Popular (API-PUP).<\/p>\n\n\n\n<p>\u201cNo hay avances, se ha avanzado en saber que se est\u00e1n cubriendo entre las diferentes instancias. (El delito) fue perpetrado por ellos mismo, por los que hoy est\u00e1n impartiendo justicia\u2026No puedo creerles m\u00e1s\u201d, asever\u00f3 el hijo del extinto l\u00edder del MULT, Sa\u00fal Pazos Pineda.<\/p>\n\n\n\n<figure class=\"wp-block-embed-twitter wp-block-embed is-type-rich is-provider-twitter\"><div class=\"wp-block-embed__wrapper\">\n<div class=\"twitter-tweet\"><blockquote class=\"twitter-tweet\" data-lang=\"es\"><p lang=\"es\" dir=\"ltr\"><a href=\"https:\/\/twitter.com\/hashtag\/%C3%9AltimoMinuto?src=hash&amp;ref_src=twsrc%5Etfw\">#\u00daltimoMinuto<\/a> <br>En el gobierno de <a href=\"https:\/\/twitter.com\/alejandromurat?ref_src=twsrc%5Etfw\">@alejandromurat<\/a> y la gesti\u00f3n del titular de la <a href=\"https:\/\/twitter.com\/FISCALIA_GobOax?ref_src=twsrc%5Etfw\">@FISCALIA_GobOax<\/a>, <a href=\"https:\/\/twitter.com\/RVasconcelosM?ref_src=twsrc%5Etfw\">@RVasconcelosM<\/a>, nulos avances para esclarecer el asesinato de Heriberto Pazos Ortiz, denuncia la organizaci\u00f3n \u201c23 de octubre\u201d, que protesta en oficinas de La Experimental. <a href=\"https:\/\/t.co\/7zt65DcX1P\">pic.twitter.com\/7zt65DcX1P<\/a><\/p>&mdash; Zona Roja Oaxaca (@MexRoja) <a href=\"https:\/\/twitter.com\/MexRoja\/status\/1319677254654451713?ref_src=twsrc%5Etfw\">23 de octubre de 2020<\/a><\/blockquote><\/div>\n<\/div><\/figure>\n\n\n\n<p>Agreg\u00f3 que lo \u00fanico se ha avanzado es en \u201cla organizaci\u00f3n del pueblo, la concientizaci\u00f3n, la lucha social\u201d.<\/p>\n\n\n\n<p>De forma simult\u00e1nea, la organizaci\u00f3n \u201c23 de Octubre\u201d, se moviliz\u00f3 en dos puntos. Un grupo se reuni\u00f3 en el parque Ju\u00e1rez \u201cEl Llano\u201d para despu\u00e9s bloquear por breve tiempo la avenida Ju\u00e1rez, frente a Casa Oficial, en el Centro Hist\u00f3rico de la capital.<\/p>\n\n\n\n<p>LOS BLOQUEOS<\/p>\n\n\n\n<p>Otro grupo mayor se reuni\u00f3 al exterior de las instalaciones de la Fiscal\u00eda de Oaxaca ubicadas en La Experimental en el municipio conurbado de San Antonio de la Cal. Donde despu\u00e9s arrib\u00f3 el primer grupo y cerca de las 14:00 horas efectuaron bloqueos por la cancelaci\u00f3n de la reuni\u00f3n con el fiscal, citada para las 12:00 horas.<\/p>\n\n\n\n<figure class=\"wp-block-image size-large\"><img decoding=\"async\" width=\"1024\" height=\"576\" src=\"http:\/\/www.zonaroja.com.mx\/wp-content\/uploads\/2020\/10\/MULT-en-la-Alameda-1024x576.jpg\" alt=\"\" class=\"wp-image-19159\" srcset=\"https:\/\/zonaroja.com.mx\/wp-content\/uploads\/2020\/10\/MULT-en-la-Alameda-1024x576.jpg 1024w, https:\/\/zonaroja.com.mx\/wp-content\/uploads\/2020\/10\/MULT-en-la-Alameda-300x169.jpg 300w, https:\/\/zonaroja.com.mx\/wp-content\/uploads\/2020\/10\/MULT-en-la-Alameda-768x432.jpg 768w, https:\/\/zonaroja.com.mx\/wp-content\/uploads\/2020\/10\/MULT-en-la-Alameda-1170x658.jpg 1170w, https:\/\/zonaroja.com.mx\/wp-content\/uploads\/2020\/10\/MULT-en-la-Alameda-585x329.jpg 585w, https:\/\/zonaroja.com.mx\/wp-content\/uploads\/2020\/10\/MULT-en-la-Alameda.jpg 1280w\" sizes=\"(max-width: 1024px) 100vw, 1024px\" \/><\/figure>\n\n\n\n<p>El l\u00edder tambi\u00e9n destac\u00f3 que existe la demanda de obras sociales que desde hace un a\u00f1o no se han llevado a cabo en las diferentes comunidades ind\u00edgenas que representan y lo cual mantienen en exigencia.<\/p>\n\n\n\n<p>Se\u00f1al\u00f3 que la Coordinaci\u00f3n General del Comit\u00e9 Estatal de Planeaci\u00f3n para el Desarrollo de Oaxaca (Coplade) ha evitado la atenci\u00f3n a la organizaci\u00f3n que reclama la aplicaci\u00f3n de programas a sus comunidades que se prometieron desde el 2018, por lo que de no ofrecerse un di\u00e1logo directo son su titular, Jorge Toledo Luis, retomar\u00e1n sus movilizaciones.<\/p>\n\n\n\n<figure class=\"wp-block-image size-large\"><img decoding=\"async\" width=\"1024\" height=\"576\" src=\"http:\/\/www.zonaroja.com.mx\/wp-content\/uploads\/2020\/10\/API-PUP-caso-Heriberto-1024x576.jpg\" alt=\"\" class=\"wp-image-19160\" srcset=\"https:\/\/zonaroja.com.mx\/wp-content\/uploads\/2020\/10\/API-PUP-caso-Heriberto-1024x576.jpg 1024w, https:\/\/zonaroja.com.mx\/wp-content\/uploads\/2020\/10\/API-PUP-caso-Heriberto-300x169.jpg 300w, https:\/\/zonaroja.com.mx\/wp-content\/uploads\/2020\/10\/API-PUP-caso-Heriberto-768x432.jpg 768w, https:\/\/zonaroja.com.mx\/wp-content\/uploads\/2020\/10\/API-PUP-caso-Heriberto-1170x658.jpg 1170w, https:\/\/zonaroja.com.mx\/wp-content\/uploads\/2020\/10\/API-PUP-caso-Heriberto-585x329.jpg 585w, https:\/\/zonaroja.com.mx\/wp-content\/uploads\/2020\/10\/API-PUP-caso-Heriberto.jpg 1280w\" sizes=\"(max-width: 1024px) 100vw, 1024px\" \/><\/figure>\n","protected":false},"excerpt":{"rendered":"<p>Yuridiana Sosa\/Zona Roja. Oaxaca de Ju\u00e1rez, Oax., 23 de octubre de 2020.- Al menos tres&hellip;<\/p>\n","protected":false},"author":2,"featured_media":19161,"comment_status":"closed","ping_status":"open","sticky":false,"template":"","format":"standard","meta":{"_lmt_disableupdate":"","_lmt_disable":"","_jetpack_memberships_contains_paid_content":false,"footnotes":""},"categories":[109,47],"tags":[2132],"class_list":["post-19158","post","type-post","status-publish","format-standard","has-post-thumbnail","hentry","category-minuto-a-minuto","category-zona-gris","tag-heriberto-pazos-ortiz"],"jetpack_featured_media_url":"https:\/\/zonaroja.com.mx\/wp-content\/uploads\/2020\/10\/23-de-Octubre-caso-Pazos-Ortiz.jpg","jetpack_sharing_enabled":true,"_links":{"self":[{"href":"https:\/\/zonaroja.com.mx\/index.php?rest_route=\/wp\/v2\/posts\/19158","targetHints":{"allow":["GET"]}}],"collection":[{"href":"https:\/\/zonaroja.com.mx\/index.php?rest_route=\/wp\/v2\/posts"}],"about":[{"href":"https:\/\/zonaroja.com.mx\/index.php?rest_route=\/wp\/v2\/types\/post"}],"author":[{"embeddable":true,"href":"https:\/\/zonaroja.com.mx\/index.php?rest_route=\/wp\/v2\/users\/2"}],"replies":[{"embeddable":true,"href":"https:\/\/zonaroja.com.mx\/index.php?rest_route=%2Fwp%2Fv2%2Fcomments&post=19158"}],"version-history":[{"count":1,"href":"https:\/\/zonaroja.com.mx\/index.php?rest_route=\/wp\/v2\/posts\/19158\/revisions"}],"predecessor-version":[{"id":19162,"href":"https:\/\/zonaroja.com.mx\/index.php?rest_route=\/wp\/v2\/posts\/19158\/revisions\/19162"}],"wp:featuredmedia":[{"embeddable":true,"href":"https:\/\/zonaroja.com.mx\/index.php?rest_route=\/wp\/v2\/media\/19161"}],"wp:attachment":[{"href":"https:\/\/zonaroja.com.mx\/index.php?rest_route=%2Fwp%2Fv2%2Fmedia&parent=19158"}],"wp:term":[{"taxonomy":"category","embeddable":true,"href":"https:\/\/zonaroja.com.mx\/index.php?rest_route=%2Fwp%2Fv2%2Fcategories&post=19158"},{"taxonomy":"post_tag","embeddable":true,"href":"https:\/\/zonaroja.com.mx\/index.php?rest_route=%2Fwp%2Fv2%2Ftags&post=19158"}],"curies":[{"name":"wp","href":"https:\/\/api.w.org\/{rel}","templated":true}]}}