{"id":1916,"date":"2019-06-28T22:11:43","date_gmt":"2019-06-29T03:11:43","guid":{"rendered":"http:\/\/www.zonaroja.com.mx\/?p=1916"},"modified":"2019-06-28T22:11:45","modified_gmt":"2019-06-29T03:11:45","slug":"viernes-rojo-seis-descuartizados-dos-calcinados-y-un-ejecutado","status":"publish","type":"post","link":"https:\/\/zonaroja.com.mx\/?p=1916","title":{"rendered":"Viernes rojo: seis descuartizados, dos calcinados y un ejecutado"},"content":{"rendered":"\n<p>Ismael Garc\u00eda<\/p>\n\n\n\n<p>Oaxaca de\nJu\u00e1rez, Oax., 28 de junio de 2019.- En el primer d\u00eda de visita del Presidente\nAndr\u00e9s Manuel L\u00f3pez Obrador; el cuarto d\u00eda del nuevo titular de la Secretar\u00eda\nde Seguridad P\u00fablica, y a tres semanas de la Guelaguetza, en Oaxaca se\nregistraron nueve homicidios.<\/p>\n\n\n\n<p>Seis de\nellos fueron descuartizados en dos sitios de la regi\u00f3n de la Cuenca, dos\ncalcinados en la regi\u00f3n de la Costa y uno m\u00e1s ultimado a balazos en el Istmo.<\/p>\n\n\n\n<p>En la\nprimera hora de este viernes, fuentes policiacas confirmaron el hallazgo de\ncinco cuerpos mutilados, tirados en un camino local, entre Playa Vicente,\nVeracruz, y R\u00edo Manso, San Juan Lalana, Oaxaca; hasta el momento no han sido\nidentificadas las v\u00edctimas.<\/p>\n\n\n\n<p>Tambi\u00e9n en\nel transcurso de la madrugada, pero en el tramo carretero San Juan Bautista\nTuxtepec-Loma Bonita, en inmediaciones de la localidad de San Bartolo, fue\nlocalizado el cuerpo descuartizado de un individuo, cuya identidad se\ndesconoce; a un lado ten\u00eda un mensaje presuntamente de un grupo del crimen\norganizado.<\/p>\n\n\n\n<p>Mientras\ntanto, por la tarde en un camino de terracer\u00eda que comunica a las localidades\nde Zimat\u00e1n con Santa Mar\u00eda Xadani, en el municipio de San Miguel del Puerto,\nfueron localizados dos cuerpos en el interior de una camioneta calcinada marca\nFord, con placas de circulaci\u00f3n YV-84 92 de Estado de M\u00e9xico. Tambi\u00e9n se\ndesconocen los datos generales de los occisos.<\/p>\n\n\n\n<p>Por otra parte,\nen una calle de la colonia Cuauht\u00e9moc de Salina Cruz, fue ejecutado a balazos\nel abogado Jes\u00fas Manuel Chi\u00f1as Carlock, de 42 a\u00f1os de edad; el cuerpo fue\nhallado cerca de las siete de la ma\u00f1ana y se desconoce el m\u00f3vil del asesinato.<\/p>\n\n\n\n<p>En los nueve\ncasos, las autoridades policiacas y ministeriales no reportaron personas\ndetenidas.<\/p>\n","protected":false},"excerpt":{"rendered":"<p>Ismael Garc\u00eda Oaxaca de Ju\u00e1rez, Oax., 28 de junio de 2019.- En el primer d\u00eda&hellip;<\/p>\n","protected":false},"author":2,"featured_media":1917,"comment_status":"closed","ping_status":"open","sticky":false,"template":"","format":"standard","meta":{"_lmt_disableupdate":"","_lmt_disable":"","_jetpack_memberships_contains_paid_content":false,"footnotes":""},"categories":[109,51],"tags":[266,265,58],"class_list":["post-1916","post","type-post","status-publish","format-standard","has-post-thumbnail","hentry","category-minuto-a-minuto","category-zona-roja","tag-calcinados-san-miguel-del-puerto","tag-descuartizados-cuenca-del-papaloapan","tag-oaxaca"],"jetpack_featured_media_url":"https:\/\/zonaroja.com.mx\/wp-content\/uploads\/2019\/06\/violencia-1.jpg","jetpack_sharing_enabled":true,"_links":{"self":[{"href":"https:\/\/zonaroja.com.mx\/index.php?rest_route=\/wp\/v2\/posts\/1916","targetHints":{"allow":["GET"]}}],"collection":[{"href":"https:\/\/zonaroja.com.mx\/index.php?rest_route=\/wp\/v2\/posts"}],"about":[{"href":"https:\/\/zonaroja.com.mx\/index.php?rest_route=\/wp\/v2\/types\/post"}],"author":[{"embeddable":true,"href":"https:\/\/zonaroja.com.mx\/index.php?rest_route=\/wp\/v2\/users\/2"}],"replies":[{"embeddable":true,"href":"https:\/\/zonaroja.com.mx\/index.php?rest_route=%2Fwp%2Fv2%2Fcomments&post=1916"}],"version-history":[{"count":1,"href":"https:\/\/zonaroja.com.mx\/index.php?rest_route=\/wp\/v2\/posts\/1916\/revisions"}],"predecessor-version":[{"id":1918,"href":"https:\/\/zonaroja.com.mx\/index.php?rest_route=\/wp\/v2\/posts\/1916\/revisions\/1918"}],"wp:featuredmedia":[{"embeddable":true,"href":"https:\/\/zonaroja.com.mx\/index.php?rest_route=\/wp\/v2\/media\/1917"}],"wp:attachment":[{"href":"https:\/\/zonaroja.com.mx\/index.php?rest_route=%2Fwp%2Fv2%2Fmedia&parent=1916"}],"wp:term":[{"taxonomy":"category","embeddable":true,"href":"https:\/\/zonaroja.com.mx\/index.php?rest_route=%2Fwp%2Fv2%2Fcategories&post=1916"},{"taxonomy":"post_tag","embeddable":true,"href":"https:\/\/zonaroja.com.mx\/index.php?rest_route=%2Fwp%2Fv2%2Ftags&post=1916"}],"curies":[{"name":"wp","href":"https:\/\/api.w.org\/{rel}","templated":true}]}}