{"id":19163,"date":"2020-10-23T19:18:16","date_gmt":"2020-10-24T00:18:16","guid":{"rendered":"http:\/\/www.zonaroja.com.mx\/?p=19163"},"modified":"2020-10-23T19:18:21","modified_gmt":"2020-10-24T00:18:21","slug":"con-mural-nuestros-heroes-rendiran-homenaje-al-sector-salud-en-tuxtepec","status":"publish","type":"post","link":"https:\/\/zonaroja.com.mx\/?p=19163","title":{"rendered":"Con mural \u201cNuestros h\u00e9roes\u201d, rendir\u00e1n homenaje al sector salud en Tuxtepec"},"content":{"rendered":"\n<p>Yuridiana Sosa\/Zona Roja.<\/p>\n\n\n\n<p>Oaxaca de Ju\u00e1rez, Oax., 23 de octubre de 2020.-\u00a0 A trav\u00e9s de un mural al exterior del Hospital General de Tuxtepec, el personal del sector salud de la regi\u00f3n de la Cuenca recibir\u00e1 un significativo homenaje y reconocimiento, por su destacada labor frente a la pandemia de Covid-19.<\/p>\n\n\n\n<p>Como parte de la conmemoraci\u00f3n al D\u00eda del M\u00e9dico, este 23 de octubre, la Casa de la Cultura, organizaciones civiles, Cruz Roja Mexicana y autoridades municipales presentaron el boceto de la pintura \u00a0que elaborar\u00e1 el joven pintor y muralista tuxtepecano, Freddy Samuel Cruz S\u00e1nchez, Premio Estatal de la Juventud 2019, en la categor\u00eda de actividades art\u00edsticas, junto con su colega Yazareth Pe\u00f1a Lucas.<\/p>\n\n\n\n<p>La actividad es una iniciativa de la Casa de Cultura \u201cDr. V\u00edctor Bravo Ah\u00faja\u201d, con la que se busca hacer conciencia en la poblaci\u00f3n sobre la extenuante labor que a\u00fan realizan los m\u00e9dicos, enfermeras y todo el personal del sector salud en la batalla contra el Covid-19.<\/p>\n\n\n\n<p>As\u00ed como mostrar gratitud por el trabajo que han desempe\u00f1ado en el transcurso de siete meses en los distintos hospitales, en los que decenas de este sector han enfermado y tras su recuperaci\u00f3n han regresado a pesar de la dif\u00edcil situaci\u00f3n.<\/p>\n\n\n\n<p>El mural tendr\u00e1 una dimensi\u00f3n de 12.5 metros de largo por tres metros de alto, y se intervendr\u00e1 en una de las bardas perimetrales del Hospital General de Tuxtepec, ubicada sobre la avenida Jes\u00fas Carranza y calle de Ponciano Medina, indic\u00f3 la directora de Casa de Cultura, Marie Clarie Ch\u00e1vez Mart\u00ednez.<\/p>\n\n\n\n<p>El proyecto tambi\u00e9n es posible por la colaboraci\u00f3n de Cruz Roja Mexicana, delegaci\u00f3n Tuxtepec y la Mesa Redonda Panamericana.<\/p>\n\n\n\n<p>La pintura comenzar\u00e1 a ejecutarse a partir de la segunda semana de noviembre y se espera que en las primeras semanas del mes de diciembre est\u00e9 listo.<\/p>\n\n\n\n<p>CRECE OCUPACI\u00d3N EN HOSPITAL<\/p>\n\n\n\n<p>Por otra parte, el jefe de la Jurisdicci\u00f3n Sanitaria 03, de Tuxtepec, Mois\u00e9s Montalvo Aspr\u00f3n, se\u00f1al\u00f3 que en el transcurso de dos semanas la ocupaci\u00f3n hospitalaria en el nosocomio de los Servicios de Salud de Oaxaca aument\u00f3 de nueve a 13 pacientes.<\/p>\n\n\n\n<p>Se\u00f1al\u00f3 que en esta semana una persona falleci\u00f3 y el resto de los pacientes se encuentran graves de salud, por lo que llam\u00f3 a la poblaci\u00f3n a no relajar las medidas de sanidad para no volver a sem\u00e1foro rojo en San Juan Bautista Tuxtepec, ni saturar los hospitales, como ocurri\u00f3 durante los meses de junio y julio, cuando se registr\u00f3 una ocupaci\u00f3n total.<\/p>\n","protected":false},"excerpt":{"rendered":"<p>Yuridiana Sosa\/Zona Roja. Oaxaca de Ju\u00e1rez, Oax., 23 de octubre de 2020.-\u00a0 A trav\u00e9s de&hellip;<\/p>\n","protected":false},"author":2,"featured_media":19164,"comment_status":"closed","ping_status":"open","sticky":false,"template":"","format":"standard","meta":{"_lmt_disableupdate":"","_lmt_disable":"","_jetpack_memberships_contains_paid_content":false,"footnotes":""},"categories":[109,46],"tags":[1260],"class_list":["post-19163","post","type-post","status-publish","format-standard","has-post-thumbnail","hentry","category-minuto-a-minuto","category-zona-blanca","tag-hospital-general-de-tuxtepec"],"jetpack_featured_media_url":"https:\/\/zonaroja.com.mx\/wp-content\/uploads\/2020\/10\/Mural-medicos-Tuxtepec.jpg","jetpack_sharing_enabled":true,"_links":{"self":[{"href":"https:\/\/zonaroja.com.mx\/index.php?rest_route=\/wp\/v2\/posts\/19163","targetHints":{"allow":["GET"]}}],"collection":[{"href":"https:\/\/zonaroja.com.mx\/index.php?rest_route=\/wp\/v2\/posts"}],"about":[{"href":"https:\/\/zonaroja.com.mx\/index.php?rest_route=\/wp\/v2\/types\/post"}],"author":[{"embeddable":true,"href":"https:\/\/zonaroja.com.mx\/index.php?rest_route=\/wp\/v2\/users\/2"}],"replies":[{"embeddable":true,"href":"https:\/\/zonaroja.com.mx\/index.php?rest_route=%2Fwp%2Fv2%2Fcomments&post=19163"}],"version-history":[{"count":1,"href":"https:\/\/zonaroja.com.mx\/index.php?rest_route=\/wp\/v2\/posts\/19163\/revisions"}],"predecessor-version":[{"id":19165,"href":"https:\/\/zonaroja.com.mx\/index.php?rest_route=\/wp\/v2\/posts\/19163\/revisions\/19165"}],"wp:featuredmedia":[{"embeddable":true,"href":"https:\/\/zonaroja.com.mx\/index.php?rest_route=\/wp\/v2\/media\/19164"}],"wp:attachment":[{"href":"https:\/\/zonaroja.com.mx\/index.php?rest_route=%2Fwp%2Fv2%2Fmedia&parent=19163"}],"wp:term":[{"taxonomy":"category","embeddable":true,"href":"https:\/\/zonaroja.com.mx\/index.php?rest_route=%2Fwp%2Fv2%2Fcategories&post=19163"},{"taxonomy":"post_tag","embeddable":true,"href":"https:\/\/zonaroja.com.mx\/index.php?rest_route=%2Fwp%2Fv2%2Ftags&post=19163"}],"curies":[{"name":"wp","href":"https:\/\/api.w.org\/{rel}","templated":true}]}}