{"id":19166,"date":"2020-10-23T20:40:23","date_gmt":"2020-10-24T01:40:23","guid":{"rendered":"http:\/\/www.zonaroja.com.mx\/?p=19166"},"modified":"2020-10-23T20:47:51","modified_gmt":"2020-10-24T01:47:51","slug":"proponen-2021-sea-ano-en-honor-a-los-servicios-de-salud-en-contra-del-covid-19","status":"publish","type":"post","link":"https:\/\/zonaroja.com.mx\/?p=19166","title":{"rendered":"Proponen que 2021 sea \u201cA\u00f1o en Honor a los Servicios de Salud en contra del Covid-19\u201d"},"content":{"rendered":"\n<p>Yuridiana Sosa\/Zona Roja.<\/p>\n\n\n\n<p>Oaxaca de Ju\u00e1rez, Oax., 23 de octubre de 2020.- La 64 Legislatura del Congreso de Oaxaca analiza que el 2021 se declare \u201cA\u00f1o en Honor del Heroico Personal de los Servicios de Salud en Contra del Covid-19\u201d, en reconocimiento a la invaluable labor que realiza a costa de sus vidas.<\/p>\n\n\n\n<p>Durante la reciente sesi\u00f3n de la Diputaci\u00f3n Permanente, la legisladora del Partido Revolucionario Institucional (PRI), Maritza Scarlett V\u00e1squez Guerra, present\u00f3 la propuesta de Punto de Acuerdo.<\/p>\n\n\n\n<p>Expuso que el personal m\u00e9dico no s\u00f3lo merece un reconocimiento, sino que es urgente tambi\u00e9n que el sistema de salud tanto en M\u00e9xico como en Oaxaca ofrezca respuestas satisfactorias al sector, otorgando condiciones aptas.<\/p>\n\n\n\n<p>Datos de la Secretar\u00eda de Salud en M\u00e9xico, dijo, muestran que son los m\u00e9dicos el sector de la poblaci\u00f3n con m\u00e1s defunciones al registrar el 49 por ciento de los casos, seguido del 29 por ciento para el \u00e1rea de enfermer\u00eda, 18 por ciento odont\u00f3logos y dos por ciento laboratoristas.<\/p>\n\n\n\n<p>\u201cEsperemos que las lecciones aprendidas con esta pandemia de Covid contribuyan a redefinir las competencias para el personal de salud y sirva para mejorar la capacidad del sistema para brindar condiciones laborales que permitan al personal responder adecuadamente a las necesidades de la poblaci\u00f3n\u201d, manifest\u00f3 V\u00e1squez Guerra.<\/p>\n\n\n\n<figure class=\"wp-block-embed-twitter wp-block-embed is-type-rich is-provider-twitter\"><div class=\"wp-block-embed__wrapper\">\n<div class=\"twitter-tweet\"><blockquote class=\"twitter-tweet\" data-lang=\"es\"><p lang=\"es\" dir=\"ltr\"><a href=\"https:\/\/twitter.com\/hashtag\/D%C3%ADaDelM%C3%A9dico?src=hash&amp;ref_src=twsrc%5Etfw\">#D\u00edaDelM\u00e9dico<\/a> <br>En la reciente sesi\u00f3n de la Diputaci\u00f3n Permanente del <a href=\"https:\/\/twitter.com\/CongresoOaxLXIV?ref_src=twsrc%5Etfw\">@CongresoOaxLXIV<\/a>, la legisladora <a href=\"https:\/\/twitter.com\/Scarlett_vg?ref_src=twsrc%5Etfw\">@Scarlett_vg<\/a> present\u00f3 un Punto de Acuerdo para que se declare el 2021 \u201cA\u00f1o en Honor del Heroico Personal de los Servicios de Salud en Contra del Covid-19\u201d. <a href=\"https:\/\/t.co\/TCgoaW3A0I\">pic.twitter.com\/TCgoaW3A0I<\/a><\/p>&mdash; Zona Roja Oaxaca (@MexRoja) <a href=\"https:\/\/twitter.com\/MexRoja\/status\/1319768258015301632?ref_src=twsrc%5Etfw\">23 de octubre de 2020<\/a><\/blockquote><\/div>\n<\/div><\/figure>\n\n\n\n<p>Ante eso, dijo, resulta importante reconocer desde la 64 Legislatura de Oaxaca el desempe\u00f1o de todo el personal que se encuentra en la primera l\u00ednea de batalla del Covid-19, a pesar de los diferentes retos que enfrentan.<\/p>\n\n\n\n<p>La diputada record\u00f3 que m\u00e9dico, enfermeras y todo aquel personal que labora en un nosocomio ha luchado tambi\u00e9n contra la discriminaci\u00f3n de la poblaci\u00f3n, la falta de equipo de protecci\u00f3n personal, jornadas extenuantes en las que est\u00e1n en mayor riesgo que el resto de la poblaci\u00f3n a enfermar, pero que, aun as\u00ed, contin\u00faan.<\/p>\n\n\n\n<p>As\u00ed como la falta de personal especializado, pues la pandemia exhibi\u00f3 con mayor notoriedad la falta de m\u00e9dicos para atender la demanda de la poblaci\u00f3n. La propuesta fue turnada a comisiones, para su an\u00e1lisis y elaboraci\u00f3n del dictamen respectivo.<\/p>\n","protected":false},"excerpt":{"rendered":"<p>Yuridiana Sosa\/Zona Roja. Oaxaca de Ju\u00e1rez, Oax., 23 de octubre de 2020.- La 64 Legislatura&hellip;<\/p>\n","protected":false},"author":2,"featured_media":19167,"comment_status":"closed","ping_status":"open","sticky":false,"template":"","format":"standard","meta":{"_lmt_disableupdate":"","_lmt_disable":"","_jetpack_memberships_contains_paid_content":false,"footnotes":""},"categories":[109,46],"tags":[213,2134],"class_list":["post-19166","post","type-post","status-publish","format-standard","has-post-thumbnail","hentry","category-minuto-a-minuto","category-zona-blanca","tag-64-legislatura-de-oaxaca","tag-maritza-escarlett-vasquez"],"jetpack_featured_media_url":"https:\/\/zonaroja.com.mx\/wp-content\/uploads\/2020\/10\/Maritza-Escarlett.png","jetpack_sharing_enabled":true,"_links":{"self":[{"href":"https:\/\/zonaroja.com.mx\/index.php?rest_route=\/wp\/v2\/posts\/19166","targetHints":{"allow":["GET"]}}],"collection":[{"href":"https:\/\/zonaroja.com.mx\/index.php?rest_route=\/wp\/v2\/posts"}],"about":[{"href":"https:\/\/zonaroja.com.mx\/index.php?rest_route=\/wp\/v2\/types\/post"}],"author":[{"embeddable":true,"href":"https:\/\/zonaroja.com.mx\/index.php?rest_route=\/wp\/v2\/users\/2"}],"replies":[{"embeddable":true,"href":"https:\/\/zonaroja.com.mx\/index.php?rest_route=%2Fwp%2Fv2%2Fcomments&post=19166"}],"version-history":[{"count":2,"href":"https:\/\/zonaroja.com.mx\/index.php?rest_route=\/wp\/v2\/posts\/19166\/revisions"}],"predecessor-version":[{"id":19170,"href":"https:\/\/zonaroja.com.mx\/index.php?rest_route=\/wp\/v2\/posts\/19166\/revisions\/19170"}],"wp:featuredmedia":[{"embeddable":true,"href":"https:\/\/zonaroja.com.mx\/index.php?rest_route=\/wp\/v2\/media\/19167"}],"wp:attachment":[{"href":"https:\/\/zonaroja.com.mx\/index.php?rest_route=%2Fwp%2Fv2%2Fmedia&parent=19166"}],"wp:term":[{"taxonomy":"category","embeddable":true,"href":"https:\/\/zonaroja.com.mx\/index.php?rest_route=%2Fwp%2Fv2%2Fcategories&post=19166"},{"taxonomy":"post_tag","embeddable":true,"href":"https:\/\/zonaroja.com.mx\/index.php?rest_route=%2Fwp%2Fv2%2Ftags&post=19166"}],"curies":[{"name":"wp","href":"https:\/\/api.w.org\/{rel}","templated":true}]}}