{"id":19188,"date":"2020-10-24T14:09:58","date_gmt":"2020-10-24T19:09:58","guid":{"rendered":"http:\/\/www.zonaroja.com.mx\/?p=19188"},"modified":"2020-10-24T14:10:02","modified_gmt":"2020-10-24T19:10:02","slug":"y-dos-meses-despues-nada-sabe-la-fiscalia-del-crimen-del-lider-del-fpr","status":"publish","type":"post","link":"https:\/\/zonaroja.com.mx\/?p=19188","title":{"rendered":"Y dos meses despu\u00e9s, nada sabe la Fiscal\u00eda del crimen del l\u00edder del FPR"},"content":{"rendered":"\n<p>Evlin Arag\u00f3n\/Zona Roja.<\/p>\n\n\n\n<p>Oaxaca de Ju\u00e1rez, Oax., 24 de octubre de 2020.- A dos meses del asesinato del activista Tom\u00e1s Mart\u00ednez Pinacho, militantes del Frente Popular Revolucionario (FPR) protestaron en la Fiscal\u00eda General de Justicia del Estado, a cuyo titular Rub\u00e9n Vasconcelos M\u00e9ndez, acusaron de omiso y falto de capacidad debido a la impunidad que impera en torno al crimen.&nbsp;&nbsp;<\/p>\n\n\n\n<p>\u201cHoy se cumplen dos meses en que de manera cobarde fuera asesinado nuestro camarada Tom\u00e1s Mart\u00ednez, sin que hasta el momento las autoridades encargadas de investigar y castigar a los autores materiales e intelectuales muestren avances significativos\u201d, refirieron durante su mitin, efectuado en el inmueble ubicado en La Experimental, San Antonio de la Cal.&nbsp;<\/p>\n\n\n\n<p>Macario Otalo Padilla, dirigente de la organizaci\u00f3n, asegur\u00f3 que es evidente que con el asesinato de Mart\u00ednez Pinacho se pretend\u00eda debilitar el movimiento a favor de las comunidades ind\u00edgenas y en contra de los megaproyectos, que no consiguieron.\u00a0<\/p>\n\n\n\n<figure class=\"wp-block-embed-twitter wp-block-embed is-type-rich is-provider-twitter\"><div class=\"wp-block-embed__wrapper\">\n<div class=\"twitter-tweet\"><blockquote class=\"twitter-tweet\" data-lang=\"es\"><p lang=\"es\" dir=\"ltr\"><a href=\"https:\/\/twitter.com\/hashtag\/ENVIVI?src=hash&amp;ref_src=twsrc%5Etfw\">#ENVIVI<\/a><br>La Experimental, San Antonio de la Cal, Oax., 24 de octubre de 2029.- Mitin del Frente Popular Revolucionario, a dos meses del asesinato de Tom\u00e1s Mart\u00ednez, cuyo crimen sigue impune. <br>\ud83d\udc47<a href=\"https:\/\/t.co\/Vww5Inz8NF\">https:\/\/t.co\/Vww5Inz8NF<\/a> <a href=\"https:\/\/t.co\/W18siikB3o\">pic.twitter.com\/W18siikB3o<\/a><\/p>&mdash; Zona Roja Oaxaca (@MexRoja) <a href=\"https:\/\/twitter.com\/MexRoja\/status\/1320030138982146048?ref_src=twsrc%5Etfw\">24 de octubre de 2020<\/a><\/blockquote><\/div>\n<\/div><\/figure>\n\n\n\n<p>Pero por el contrario, dijo, la organizaci\u00f3n de los pueblos contin\u00faa en defensa de los territorios y recursos que tratan de ser entregados en bandeja de plata a empresa nacionales y extranjera que buscan enriquecerse con las riquezas de las comunidades que quedan sumidas en la miseria.&nbsp;<\/p>\n\n\n\n<p>Lament\u00f3 que el cambio en el poder a nivel federal no haya significado beneficios directo para las poblaciones pobres y por el contrario cuestion\u00f3 la alianza de Andr\u00e9s Manuel L\u00f3pez Obrador con la familia Murat, la cual ha permitido la continuidad de la persecuci\u00f3n y asesinatos de l\u00edderes sociales.<\/p>\n\n\n\n<p>Por lo anterior, asegur\u00f3 que mantendr\u00e1n la lucha, incluidas las movilizaciones que han encabezado en los \u00faltimos meses, pese a la pandemia, con la intenci\u00f3n de consolidar la unidad de la clase obrera, los pueblos originarios y el amplio movimiento sindical, social y popular a nivel estatal, y nacional.<\/p>\n\n\n\n<p>\u201cNos seguiremos movilizando junto al conjunto del movimiento popular por justicia para todos los asesinados, libertad de los presos pol\u00edticos, presentaci\u00f3n de los desaparecidos y por la soluci\u00f3n de las distintas demandas de las organizaciones sociales, sindicales y de los pueblos movilizados\u201d, expuso.<\/p>\n\n\n\n<figure class=\"wp-block-embed-twitter wp-block-embed is-type-rich is-provider-twitter\"><div class=\"wp-block-embed__wrapper\">\n<div class=\"twitter-tweet\"><blockquote class=\"twitter-tweet\" data-lang=\"es\"><p lang=\"es\" dir=\"ltr\">En <a href=\"https:\/\/twitter.com\/hashtag\/Oaxaca?src=hash&amp;ref_src=twsrc%5Etfw\">#Oaxaca<\/a> \u201cla complicidad entre el gobierno federal de <a href=\"https:\/\/twitter.com\/lopezobrador_?ref_src=twsrc%5Etfw\">@lopezobrador_<\/a> y de <a href=\"https:\/\/twitter.com\/alejandromurat?ref_src=twsrc%5Etfw\">@alejandromurat<\/a> o Jos\u00e9 Murat es manifiesta\u201d, denunci\u00f3 el dirigente del <a href=\"https:\/\/twitter.com\/FPR_OAXACA?ref_src=twsrc%5Etfw\">@FPR_OAXACA<\/a>, Macario Otalo Padilla, al lamentar tambi\u00e9n la impunidad que promueve la <a href=\"https:\/\/twitter.com\/FISCALIA_GobOax?ref_src=twsrc%5Etfw\">@FISCALIA_GobOax<\/a> en el caso de Tom\u00e1s Mart\u00ednez. <a href=\"https:\/\/t.co\/sPltcJXFZc\">pic.twitter.com\/sPltcJXFZc<\/a><\/p>&mdash; Zona Roja Oaxaca (@MexRoja) <a href=\"https:\/\/twitter.com\/MexRoja\/status\/1320054194015973377?ref_src=twsrc%5Etfw\">24 de octubre de 2020<\/a><\/blockquote><\/div>\n<\/div><\/figure>\n\n\n\n<p>Durante el mitin tambi\u00e9n estuvieron presentes integrantes del Comit\u00e9 de V\u00edctimas \u201c21 de Junio\u201d, provenientes del municipio de San Mateo del Mar, quienes denunciaron que a cuatro meses de la masacre en Huazantl\u00e1n del R\u00edo, las autoridades no han dado resultados y los asesinos siguen impunes, caminando por las calles de la localidad.&nbsp;<\/p>\n\n\n\n<p>Lo anterior, de acuerdo con los manifestantes, demuestra la complicidad de las autoridades con los violentos y los asesino, sino de que otra forma se justifica que pese a que fueron plenamente identificados, a\u00fan no hayan sido detenidos y sancionados.&nbsp;<\/p>\n\n\n\n<p>\u201cLos agresores siguen libres y sin que haya castigo. El gobierno est\u00e1 detr\u00e1s de ello y ser\u00e1n responsables de los bloqueos carreteros que se realizaran ma\u00f1ana en la zona, con la intenci\u00f3n de obligarnos a aceptar los mega proyectos e\u00f3licos, sin embargo, el pueblo ind\u00edgena no lo permitir\u00e1\u201d, sentenciaron&nbsp;<\/p>\n\n\n\n<p>Finalmente, aseguraron que pese a la violencia que se registra en contra de l\u00edderes sociales, las organizaciones afines continuaran organizadas y en lucha por los derechos de las comunidades ind\u00edgenas y a fin de evitar la instalaci\u00f3n de megaproyectos que se traducen en muerte, destrucci\u00f3n y miseria.&nbsp;&nbsp;<\/p>\n","protected":false},"excerpt":{"rendered":"<p>Evlin Arag\u00f3n\/Zona Roja. Oaxaca de Ju\u00e1rez, Oax., 24 de octubre de 2020.- A dos meses&hellip;<\/p>\n","protected":false},"author":2,"featured_media":19189,"comment_status":"closed","ping_status":"open","sticky":false,"template":"","format":"standard","meta":{"_lmt_disableupdate":"","_lmt_disable":"","_jetpack_memberships_contains_paid_content":false,"footnotes":""},"categories":[109,47],"tags":[1687,1954],"class_list":["post-19188","post","type-post","status-publish","format-standard","has-post-thumbnail","hentry","category-minuto-a-minuto","category-zona-gris","tag-frente-popular-revolucionario-fpr","tag-tomas-martinez-pinacho"],"jetpack_featured_media_url":"https:\/\/zonaroja.com.mx\/wp-content\/uploads\/2020\/10\/Mitin-Frente-Popular-Revolucionario.jpg","jetpack_sharing_enabled":true,"_links":{"self":[{"href":"https:\/\/zonaroja.com.mx\/index.php?rest_route=\/wp\/v2\/posts\/19188","targetHints":{"allow":["GET"]}}],"collection":[{"href":"https:\/\/zonaroja.com.mx\/index.php?rest_route=\/wp\/v2\/posts"}],"about":[{"href":"https:\/\/zonaroja.com.mx\/index.php?rest_route=\/wp\/v2\/types\/post"}],"author":[{"embeddable":true,"href":"https:\/\/zonaroja.com.mx\/index.php?rest_route=\/wp\/v2\/users\/2"}],"replies":[{"embeddable":true,"href":"https:\/\/zonaroja.com.mx\/index.php?rest_route=%2Fwp%2Fv2%2Fcomments&post=19188"}],"version-history":[{"count":1,"href":"https:\/\/zonaroja.com.mx\/index.php?rest_route=\/wp\/v2\/posts\/19188\/revisions"}],"predecessor-version":[{"id":19190,"href":"https:\/\/zonaroja.com.mx\/index.php?rest_route=\/wp\/v2\/posts\/19188\/revisions\/19190"}],"wp:featuredmedia":[{"embeddable":true,"href":"https:\/\/zonaroja.com.mx\/index.php?rest_route=\/wp\/v2\/media\/19189"}],"wp:attachment":[{"href":"https:\/\/zonaroja.com.mx\/index.php?rest_route=%2Fwp%2Fv2%2Fmedia&parent=19188"}],"wp:term":[{"taxonomy":"category","embeddable":true,"href":"https:\/\/zonaroja.com.mx\/index.php?rest_route=%2Fwp%2Fv2%2Fcategories&post=19188"},{"taxonomy":"post_tag","embeddable":true,"href":"https:\/\/zonaroja.com.mx\/index.php?rest_route=%2Fwp%2Fv2%2Ftags&post=19188"}],"curies":[{"name":"wp","href":"https:\/\/api.w.org\/{rel}","templated":true}]}}