{"id":1919,"date":"2019-06-29T10:00:46","date_gmt":"2019-06-29T15:00:46","guid":{"rendered":"http:\/\/www.zonaroja.com.mx\/?p=1919"},"modified":"2019-06-28T22:30:08","modified_gmt":"2019-06-29T03:30:08","slug":"logran-becas-siete-estudiantes-indigenas-para-estudiar-de-bachillerato","status":"publish","type":"post","link":"https:\/\/zonaroja.com.mx\/?p=1919","title":{"rendered":"Logran becas siete estudiantes ind\u00edgenas para estudiar de bachillerato"},"content":{"rendered":"\n<p>Evlin Arag\u00f3n<\/p>\n\n\n\n<p>Oaxaca de\nJu\u00e1rez, Oax., 29 de junio de 2019.- Luz Mar\u00eda, Guadalupe, Roxana Adalid, Roc\u00edo,\nDiana, Laura y Betzab\u00e9 son las siete j\u00f3venes originarias de comunidades\nind\u00edgenas que se integrar\u00e1n al grupo de becarias de bachillerato del Fondo\nGuadalupe Musalem durante el pr\u00f3ximo ciclo escolar 2019-2020, como resultado de\nla \u201cConvocatoria de Becas 2019\u201d.<\/p>\n\n\n\n<p>As\u00ed lo\ndieron a conocer representantes del Fondo Guadalupe Musalem, quienes explicaron\nque en total son 40 j\u00f3venes de bachillerato y educaci\u00f3n superior las que ser\u00e1n\nbeneficiadas este a\u00f1o, gracias a los donativos de hombres y mujeres generosas,\nque han confiado en la labor que desde hace a\u00f1os realizan.<\/p>\n\n\n\n<p>Detallaron que\nluego de una serie de entrevistas para conocer habilidades, historias de vida,\ninter\u00e9s por contribuir con sus comunidades de origen y metas a futuro de todas\nlas aspirantes, siete de ellas fueron seleccionadas como beneficiarias del\nprograma de becas.<\/p>\n\n\n\n<p>Las j\u00f3venes\nque fueron aceptadas son originarias de las regiones Mixteca, Costa, Valles\nCentrales y Sierra Norte, quienes contaran con el apoyo del Fondo Guadalupe\nMusalem durante los tres a\u00f1os del bachillerato, siempre y cuando mantengan el promedio\nm\u00ednimo de nueve, participen en las capacitaciones y realicen actividades a\nfavor de su comunidad.<\/p>\n\n\n\n<p>Y es que\nindependientemente de la educaci\u00f3n formal, del nivel medio superior y superior,\nlas j\u00f3venes reciben capacitaciones mensuales de fortalecimiento acad\u00e9mico,\napoyo m\u00e9dico y psicol\u00f3gico, acompa\u00f1amiento de una tutora. Independientemente de\nuna despensa y dos mil pesos que se dan de forma mensual para sus gastos, entre\notros apoyos.<\/p>\n\n\n\n<p>La campa\u00f1a\nanual de recaudaci\u00f3n de fondos inicio en enero pasado y tiene como meta juntar de\ndos millones 300 mil pesos para cubrir con los gastos de las j\u00f3venes mujeres\nind\u00edgenas que buscan continuar con sus estudios.<\/p>\n","protected":false},"excerpt":{"rendered":"<p>Evlin Arag\u00f3n Oaxaca de Ju\u00e1rez, Oax., 29 de junio de 2019.- Luz Mar\u00eda, Guadalupe, Roxana&hellip;<\/p>\n","protected":false},"author":2,"featured_media":1920,"comment_status":"closed","ping_status":"open","sticky":false,"template":"","format":"standard","meta":{"_lmt_disableupdate":"","_lmt_disable":"","_jetpack_memberships_contains_paid_content":false,"footnotes":""},"categories":[109,46],"tags":[140,58],"class_list":["post-1919","post","type-post","status-publish","format-standard","has-post-thumbnail","hentry","category-minuto-a-minuto","category-zona-blanca","tag-fondo-de-becas-guadalupe-musalem","tag-oaxaca"],"jetpack_featured_media_url":"https:\/\/zonaroja.com.mx\/wp-content\/uploads\/2019\/06\/IMG_4229.jpg","jetpack_sharing_enabled":true,"_links":{"self":[{"href":"https:\/\/zonaroja.com.mx\/index.php?rest_route=\/wp\/v2\/posts\/1919","targetHints":{"allow":["GET"]}}],"collection":[{"href":"https:\/\/zonaroja.com.mx\/index.php?rest_route=\/wp\/v2\/posts"}],"about":[{"href":"https:\/\/zonaroja.com.mx\/index.php?rest_route=\/wp\/v2\/types\/post"}],"author":[{"embeddable":true,"href":"https:\/\/zonaroja.com.mx\/index.php?rest_route=\/wp\/v2\/users\/2"}],"replies":[{"embeddable":true,"href":"https:\/\/zonaroja.com.mx\/index.php?rest_route=%2Fwp%2Fv2%2Fcomments&post=1919"}],"version-history":[{"count":1,"href":"https:\/\/zonaroja.com.mx\/index.php?rest_route=\/wp\/v2\/posts\/1919\/revisions"}],"predecessor-version":[{"id":1921,"href":"https:\/\/zonaroja.com.mx\/index.php?rest_route=\/wp\/v2\/posts\/1919\/revisions\/1921"}],"wp:featuredmedia":[{"embeddable":true,"href":"https:\/\/zonaroja.com.mx\/index.php?rest_route=\/wp\/v2\/media\/1920"}],"wp:attachment":[{"href":"https:\/\/zonaroja.com.mx\/index.php?rest_route=%2Fwp%2Fv2%2Fmedia&parent=1919"}],"wp:term":[{"taxonomy":"category","embeddable":true,"href":"https:\/\/zonaroja.com.mx\/index.php?rest_route=%2Fwp%2Fv2%2Fcategories&post=1919"},{"taxonomy":"post_tag","embeddable":true,"href":"https:\/\/zonaroja.com.mx\/index.php?rest_route=%2Fwp%2Fv2%2Ftags&post=1919"}],"curies":[{"name":"wp","href":"https:\/\/api.w.org\/{rel}","templated":true}]}}