{"id":19192,"date":"2020-10-24T15:09:21","date_gmt":"2020-10-24T20:09:21","guid":{"rendered":"http:\/\/www.zonaroja.com.mx\/?p=19192"},"modified":"2020-10-24T15:09:30","modified_gmt":"2020-10-24T20:09:30","slug":"identifican-a-torturado-y-colgado-en-istmo-y-a-descuartizados-en-cuenca","status":"publish","type":"post","link":"https:\/\/zonaroja.com.mx\/?p=19192","title":{"rendered":"Identifican a torturado y colgado en Istmo, y a descuartizados en Cuenca"},"content":{"rendered":"\n<p>Redacci\u00f3n\/Zona Roja.<\/p>\n\n\n\n<p>Oaxaca de Ju\u00e1rez, Oax., 24 de octubre de 2020.- Las dos personas descuartizadas en San Miguel Soyaltepec y el ejecutado y colgado en Chauites, fueron identificados legalmente.<\/p>\n\n\n\n<p>De acuerdo con fuentes de la Fiscal\u00eda General del Estado de Oaxaca (FGEO), el individuo torturado y asesinado, cuyo cuerpo fue pendido de una soga en un puente sobre la carretera Panamericana que conduce del Istmo a Chiapas, fue reconocido como Hazatiel V. M., de 30 a\u00f1os de edad.<\/p>\n\n\n\n<p>El hombre era originario de Chahuites y presuntamente fue interceptado la tarde del jueves por un comando en el centro de San Pedro Tapanatepec; tras matarlo, lo colgaron en el puente vehicular sobre la v\u00eda federal.<\/p>\n\n\n\n<p>En tanto, en los l\u00edmites del estado de Chiapas, fue localizada una camioneta marca Nissan, modelo Frontier, color gris Oxford, con placas de circulaci\u00f3n CY-07-107 del estado de Chiapas, con vidrios rotos y manchas hem\u00e1ticas, presuntamente de la v\u00edctima.<\/p>\n\n\n\n<p>Un d\u00eda antes, el mi\u00e9rcoles 21 de octubre, fueron asesinados y descuartizados dos individuos, en San Miguel Soyaltepec, municipio de la regi\u00f3n de la Cuenca del Papalopana.<\/p>\n\n\n\n<p>Fueron identificados como Yuri Mael H. C. alias \u201cLa Yuri\u201d, y Rub\u00e9n U. M. m\u00e1s conocido como \u201cEl Chicharra\u201d.<\/p>\n\n\n\n<p>Los cuerpos fueron tirados a la orilla de un camino; las v\u00edctimas eran de oficio taxistas y hab\u00edan sido reportados como desaparecidos d\u00edas antes.<\/p>\n","protected":false},"excerpt":{"rendered":"<p>Redacci\u00f3n\/Zona Roja. Oaxaca de Ju\u00e1rez, Oax., 24 de octubre de 2020.- Las dos personas descuartizadas&hellip;<\/p>\n","protected":false},"author":2,"featured_media":19129,"comment_status":"closed","ping_status":"open","sticky":false,"template":"","format":"standard","meta":{"_lmt_disableupdate":"","_lmt_disable":"","_jetpack_memberships_contains_paid_content":false,"footnotes":""},"categories":[109,47],"tags":[1212,1037],"class_list":["post-19192","post","type-post","status-publish","format-standard","has-post-thumbnail","hentry","category-minuto-a-minuto","category-zona-gris","tag-chahuites","tag-san-miguel-soyaltepec"],"jetpack_featured_media_url":"https:\/\/zonaroja.com.mx\/wp-content\/uploads\/2020\/10\/Colgado-puente-Istmo.jpg","jetpack_sharing_enabled":true,"_links":{"self":[{"href":"https:\/\/zonaroja.com.mx\/index.php?rest_route=\/wp\/v2\/posts\/19192","targetHints":{"allow":["GET"]}}],"collection":[{"href":"https:\/\/zonaroja.com.mx\/index.php?rest_route=\/wp\/v2\/posts"}],"about":[{"href":"https:\/\/zonaroja.com.mx\/index.php?rest_route=\/wp\/v2\/types\/post"}],"author":[{"embeddable":true,"href":"https:\/\/zonaroja.com.mx\/index.php?rest_route=\/wp\/v2\/users\/2"}],"replies":[{"embeddable":true,"href":"https:\/\/zonaroja.com.mx\/index.php?rest_route=%2Fwp%2Fv2%2Fcomments&post=19192"}],"version-history":[{"count":1,"href":"https:\/\/zonaroja.com.mx\/index.php?rest_route=\/wp\/v2\/posts\/19192\/revisions"}],"predecessor-version":[{"id":19193,"href":"https:\/\/zonaroja.com.mx\/index.php?rest_route=\/wp\/v2\/posts\/19192\/revisions\/19193"}],"wp:featuredmedia":[{"embeddable":true,"href":"https:\/\/zonaroja.com.mx\/index.php?rest_route=\/wp\/v2\/media\/19129"}],"wp:attachment":[{"href":"https:\/\/zonaroja.com.mx\/index.php?rest_route=%2Fwp%2Fv2%2Fmedia&parent=19192"}],"wp:term":[{"taxonomy":"category","embeddable":true,"href":"https:\/\/zonaroja.com.mx\/index.php?rest_route=%2Fwp%2Fv2%2Fcategories&post=19192"},{"taxonomy":"post_tag","embeddable":true,"href":"https:\/\/zonaroja.com.mx\/index.php?rest_route=%2Fwp%2Fv2%2Ftags&post=19192"}],"curies":[{"name":"wp","href":"https:\/\/api.w.org\/{rel}","templated":true}]}}