{"id":19196,"date":"2020-10-24T18:19:53","date_gmt":"2020-10-24T23:19:53","guid":{"rendered":"http:\/\/www.zonaroja.com.mx\/?p=19196"},"modified":"2020-10-24T18:19:57","modified_gmt":"2020-10-24T23:19:57","slug":"buscan-en-congreso-equilibrio-financiero-en-proximo-presupuesto","status":"publish","type":"post","link":"https:\/\/zonaroja.com.mx\/?p=19196","title":{"rendered":"Buscan en Congreso equilibrio financiero en pr\u00f3ximo presupuesto"},"content":{"rendered":"\n<p>Redacci\u00f3n\/Zona Roja.<\/p>\n\n\n\n<p>Oaxaca de Ju\u00e1rez, Oax., a 24 de octubre de 2020.- El compromiso de la 64 Legislatura con la educaci\u00f3n, la salud y la alimentaci\u00f3n de los y las oaxaque\u00f1as es permanente, se\u00f1al\u00f3 la diputada local, Delfina Elizabeth Guzm\u00e1n D\u00edaz.<\/p>\n\n\n\n<p>En este contexto, adelant\u00f3 que para el a\u00f1o pr\u00f3ximo se prev\u00e9 un equilibrio en las finanzas p\u00fablicas que fortalezcan las acciones gubernamentales en esos tres rubros esenciales para la sociedad.<\/p>\n\n\n\n<p>En entrevista, Guzm\u00e1n D\u00edaz destac\u00f3 que ante los efectos de la pandemia, generada por la Covid-19, es necesario adecuar las pol\u00edticas p\u00fablicas para mejorar la salud general y la alimentaci\u00f3n entre la poblaci\u00f3n.<\/p>\n\n\n\n<p>Reconoci\u00f3 que en Oaxaca existen retos importantes para la implementaci\u00f3n de algunos programas alimentarios que combatan la desnutrici\u00f3n.<\/p>\n\n\n\n<p>Por esto, el Congreso local cuenta con la sensibilidad y apertura al di\u00e1logo con el gobierno del Estado y otras instancias, para dotar de herramientas normativas y un presupuesto adecuado para erradicar la brecha alimentaria.<\/p>\n\n\n\n<p>Destac\u00f3 que con la suma de esfuerzos entre los diferentes poderes en Oaxaca y los niveles de gobierno, es posible avanzar de forma constante y ordenada para erradicar el hambre y reducir los \u00edndices de marginaci\u00f3n.<\/p>\n\n\n\n<p>Defina Elizabeth Guzm\u00e1n D\u00edaz reconoci\u00f3 el trabajo de la Organizaci\u00f3n de las Naciones Unidas para la Alimentaci\u00f3n y la Agricultura (FAO), que recientemente obtuvo el Premio Nobel por su Programa Mundial de Alimentos.<\/p>\n\n\n\n<p>Felicit\u00f3 por ese galard\u00f3n a Lina Pohl, representante de ese organismo internacional en M\u00e9xico, quien particip\u00f3 en el panel de an\u00e1lisis radiof\u00f3nico, entre otras especialistas.<\/p>\n","protected":false},"excerpt":{"rendered":"<p>Redacci\u00f3n\/Zona Roja. Oaxaca de Ju\u00e1rez, Oax., a 24 de octubre de 2020.- El compromiso de&hellip;<\/p>\n","protected":false},"author":2,"featured_media":19197,"comment_status":"closed","ping_status":"open","sticky":false,"template":"","format":"standard","meta":{"_lmt_disableupdate":"","_lmt_disable":"","_jetpack_memberships_contains_paid_content":false,"footnotes":""},"categories":[109,46],"tags":[213,1927],"class_list":["post-19196","post","type-post","status-publish","format-standard","has-post-thumbnail","hentry","category-minuto-a-minuto","category-zona-blanca","tag-64-legislatura-de-oaxaca","tag-delfina-guzman-diaz"],"jetpack_featured_media_url":"https:\/\/zonaroja.com.mx\/wp-content\/uploads\/2020\/10\/FOTO.jpg","jetpack_sharing_enabled":true,"_links":{"self":[{"href":"https:\/\/zonaroja.com.mx\/index.php?rest_route=\/wp\/v2\/posts\/19196","targetHints":{"allow":["GET"]}}],"collection":[{"href":"https:\/\/zonaroja.com.mx\/index.php?rest_route=\/wp\/v2\/posts"}],"about":[{"href":"https:\/\/zonaroja.com.mx\/index.php?rest_route=\/wp\/v2\/types\/post"}],"author":[{"embeddable":true,"href":"https:\/\/zonaroja.com.mx\/index.php?rest_route=\/wp\/v2\/users\/2"}],"replies":[{"embeddable":true,"href":"https:\/\/zonaroja.com.mx\/index.php?rest_route=%2Fwp%2Fv2%2Fcomments&post=19196"}],"version-history":[{"count":1,"href":"https:\/\/zonaroja.com.mx\/index.php?rest_route=\/wp\/v2\/posts\/19196\/revisions"}],"predecessor-version":[{"id":19198,"href":"https:\/\/zonaroja.com.mx\/index.php?rest_route=\/wp\/v2\/posts\/19196\/revisions\/19198"}],"wp:featuredmedia":[{"embeddable":true,"href":"https:\/\/zonaroja.com.mx\/index.php?rest_route=\/wp\/v2\/media\/19197"}],"wp:attachment":[{"href":"https:\/\/zonaroja.com.mx\/index.php?rest_route=%2Fwp%2Fv2%2Fmedia&parent=19196"}],"wp:term":[{"taxonomy":"category","embeddable":true,"href":"https:\/\/zonaroja.com.mx\/index.php?rest_route=%2Fwp%2Fv2%2Fcategories&post=19196"},{"taxonomy":"post_tag","embeddable":true,"href":"https:\/\/zonaroja.com.mx\/index.php?rest_route=%2Fwp%2Fv2%2Ftags&post=19196"}],"curies":[{"name":"wp","href":"https:\/\/api.w.org\/{rel}","templated":true}]}}