{"id":19201,"date":"2020-10-24T20:10:46","date_gmt":"2020-10-25T01:10:46","guid":{"rendered":"http:\/\/www.zonaroja.com.mx\/?p=19201"},"modified":"2020-10-24T20:10:51","modified_gmt":"2020-10-25T01:10:51","slug":"tras-destape-de-alejandro-aviles-piden-renuncia-de-dirigente-del-pri","status":"publish","type":"post","link":"https:\/\/zonaroja.com.mx\/?p=19201","title":{"rendered":"Tras \u201cdestape\u201d de Alejandro Avil\u00e9s, piden renuncia de dirigente del PRI"},"content":{"rendered":"\n<p>Evlin Arag\u00f3n\/Zona Roja.<\/p>\n\n\n\n<p>Oaxaca de Ju\u00e1rez, Oax., 24 de octubre de 2020.- Integrante de un reci\u00e9n conformado Frente Estatal de Priistas contra la Corrupci\u00f3n e Imposici\u00f3n de Candidatos, solicitaron a la dirigencia nacional del tricolor, encabezada por Alejandro Moreno C\u00e1rdenas, la remoci\u00f3n de Eduardo Rojas Zavaleta como representante del partido en la entidad oaxaque\u00f1a.<\/p>\n\n\n\n<p>Lo anterior, al acusarlo de perseguir intereses personales, impulsar candidaturas a modo sin consultar a la militancia y desconocer la ley, como lo hicieron el pasado lunes en Tuxtepec, al pronunciarse a favor de Alejandro Avil\u00e9s \u00c1lvarez, para la gubernatura.<\/p>\n\n\n\n<p>Mediante un escrito, fechado el pasado el 22 de octubre y firmado por Marco Antonio Jarqu\u00edn Guzm\u00e1n, Modesto Sarabia Tejero y Amalia Romero Chinas, denunciaron que recientemente el actual dirigente del Comit\u00e9 Directivo Estatal encabez\u00f3 un evento en donde realizaron el destape de candidatos para el proceso electoral 2021, adelant\u00e1ndose a los tiempos y sin tomar en cuenta a la militancia del \u00f3rgano pol\u00edtico.&nbsp;<\/p>\n\n\n\n<p>Prueba de ello es que apuntal\u00f3 al diputado local Alejandro Avil\u00e9s \u00c1lvarez como candidato a la gubernatura del estado, a sabiendas que este personaje no es querido por una buena parte de la militancia, debido a sus antecedentes en lo que se presume realiz\u00f3 la venta de posiciones pol\u00edticas en su paso por la dirigencia del PRI.<\/p>\n\n\n\n<p>\u201cAlejandro Avil\u00e9s, es una persona no grata para muchos militantes por sus antecedentes de negocios econ\u00f3micos al vender las posiciones pol\u00edticas de todos los cargos sin tomar en cuenta a la militancia y su trayectoria\u201d, cita de forma textual el documento.&nbsp;&nbsp;<\/p>\n\n\n\n<p>Lo anterior, de acuerdo con el grupo manifestante, independientemente de no tomar en cuenta a la militancia, podr\u00eda configurar un delito electoral al hacer campa\u00f1a adelantada, debido a las ambiciones personales de algunos personajes al interior del partido y a sabiendas que mucha gente dejo de votar por el PRI debido a esas pr\u00e1cticas.&nbsp;<\/p>\n\n\n\n<p>En este sentido expusieron que el actual dirigente en Oaxaca mantiene una actitud personal y entreguista a intereses oscuros o de grupo, poniendo en riesgo la militancia de los verdaderos priistas que a\u00fan quedan y que son quienes han sostenido al partido durante la crisis.<\/p>\n\n\n\n<p>Recordaron que su nombramiento es espurio ya que se hizo de forma unilateral, sin la participaci\u00f3n de las bases y por consecuencia no tiene la autoridad moral y legal de estar al frente del \u00f3rgano pol\u00edtico con m\u00e1s historia en la entidad oaxaque\u00f1a.<\/p>\n\n\n\n<p>Por lo anterior, pidieron la intervenci\u00f3n de la dirigencia nacional, cuya omisi\u00f3n a la petici\u00f3n dejar\u00e1 en claro que se unir\u00e1 a la imposici\u00f3n de candidatos y a la negociaci\u00f3n con la oposici\u00f3n para proteger los intereses creados por peque\u00f1os grupos y respondiendo a intereses personales.&nbsp;<\/p>\n\n\n\n<p>\u201cEstamos dispuestos a luchas hasta las \u00faltimas consecuencias para que Oaxaca no sea un estado de acomodo de amigos y compromisos personales, el compromiso debe ser de partido y de militancia y sobre todo con personas honestas\u201d, sentenciaron.&nbsp;<\/p>\n\n\n\n<p>Finalmente reafirmaron que la parcialidad de Rojas Zavaleta, como dirigente del PRI en Oaxaca, es una deslealtad a la militancia y al propio Comit\u00e9 Ejecutivo Nacional, al estar al servicio de cualquier grupo y al margen de la ley.&nbsp; El documento est\u00e1 firmado por Marco Antonio Jarqu\u00edn Guzm\u00e1n, Modesto Sarabia Tejero y Amalia Romero Chi\u00f1as, supuestos presidente, secretario y tesorera, respectivamente.<\/p>\n","protected":false},"excerpt":{"rendered":"<p>Evlin Arag\u00f3n\/Zona Roja. Oaxaca de Ju\u00e1rez, Oax., 24 de octubre de 2020.- Integrante de un&hellip;<\/p>\n","protected":false},"author":2,"featured_media":19202,"comment_status":"closed","ping_status":"open","sticky":false,"template":"","format":"standard","meta":{"_lmt_disableupdate":"","_lmt_disable":"","_jetpack_memberships_contains_paid_content":false,"footnotes":""},"categories":[109,47],"tags":[2139],"class_list":["post-19201","post","type-post","status-publish","format-standard","has-post-thumbnail","hentry","category-minuto-a-minuto","category-zona-gris","tag-eduardo-rojas-zavaleta"],"jetpack_featured_media_url":"https:\/\/zonaroja.com.mx\/wp-content\/uploads\/2020\/10\/Frente-PRI.jpg","jetpack_sharing_enabled":true,"_links":{"self":[{"href":"https:\/\/zonaroja.com.mx\/index.php?rest_route=\/wp\/v2\/posts\/19201","targetHints":{"allow":["GET"]}}],"collection":[{"href":"https:\/\/zonaroja.com.mx\/index.php?rest_route=\/wp\/v2\/posts"}],"about":[{"href":"https:\/\/zonaroja.com.mx\/index.php?rest_route=\/wp\/v2\/types\/post"}],"author":[{"embeddable":true,"href":"https:\/\/zonaroja.com.mx\/index.php?rest_route=\/wp\/v2\/users\/2"}],"replies":[{"embeddable":true,"href":"https:\/\/zonaroja.com.mx\/index.php?rest_route=%2Fwp%2Fv2%2Fcomments&post=19201"}],"version-history":[{"count":1,"href":"https:\/\/zonaroja.com.mx\/index.php?rest_route=\/wp\/v2\/posts\/19201\/revisions"}],"predecessor-version":[{"id":19203,"href":"https:\/\/zonaroja.com.mx\/index.php?rest_route=\/wp\/v2\/posts\/19201\/revisions\/19203"}],"wp:featuredmedia":[{"embeddable":true,"href":"https:\/\/zonaroja.com.mx\/index.php?rest_route=\/wp\/v2\/media\/19202"}],"wp:attachment":[{"href":"https:\/\/zonaroja.com.mx\/index.php?rest_route=%2Fwp%2Fv2%2Fmedia&parent=19201"}],"wp:term":[{"taxonomy":"category","embeddable":true,"href":"https:\/\/zonaroja.com.mx\/index.php?rest_route=%2Fwp%2Fv2%2Fcategories&post=19201"},{"taxonomy":"post_tag","embeddable":true,"href":"https:\/\/zonaroja.com.mx\/index.php?rest_route=%2Fwp%2Fv2%2Ftags&post=19201"}],"curies":[{"name":"wp","href":"https:\/\/api.w.org\/{rel}","templated":true}]}}