{"id":19210,"date":"2020-10-25T07:35:44","date_gmt":"2020-10-25T13:35:44","guid":{"rendered":"http:\/\/www.zonaroja.com.mx\/?p=19210"},"modified":"2020-10-25T07:35:49","modified_gmt":"2020-10-25T13:35:49","slug":"sin-identificar-ejecutado-en-ixtlahuaca-fiscalia-impide-labor-de-prensa","status":"publish","type":"post","link":"https:\/\/zonaroja.com.mx\/?p=19210","title":{"rendered":"Sin identificar, ejecutado en Ixtlahuaca; Fiscal\u00eda impide labor de prensa"},"content":{"rendered":"\n<p>Redacci\u00f3n\/Zona Roja.<\/p>\n\n\n\n<p>Oaxaca de Ju\u00e1rez, Oax., 25 de octubre de 2020.- Hasta la ma\u00f1ana de hoy, permanece sin ser identificada legalmente la persona ejecutada a balazos en el interior de su unidad de motor, en un camino local al rancho \u201cLos Ib\u00e1\u00f1ez\u201d, de San Pedro Ixtlahuaca, l\u00edmites con Santa Mar\u00eda Atzompa.<\/p>\n\n\n\n<p>Los hechos sucedieron aproximadamente a las 22:00 horas, en que las corporaciones policiacas fueron notificadas de la existencia de un cad\u00e1ver en dicha zona.<\/p>\n\n\n\n<p>Tras ello, arribaron elementos de la Agencia Estatal de Investigaciones (AEI) y peritos de la Fiscal\u00eda General del Estado de Oaxaca, para las diligencias correspondientes.<\/p>\n\n\n\n<figure class=\"wp-block-embed-twitter wp-block-embed is-type-rich is-provider-twitter\"><div class=\"wp-block-embed__wrapper\">\n<div class=\"twitter-tweet\"><blockquote class=\"twitter-tweet\" data-lang=\"es\"><p lang=\"es\" dir=\"ltr\"><a href=\"https:\/\/twitter.com\/hashtag\/OaxacaRojo?src=hash&amp;ref_src=twsrc%5Etfw\">#OaxacaRojo<\/a> <br>A\u00fan no identifican legalmente a la persona ejecutada anoche en \u201cLos Ib\u00e1\u00f1ez\u201d, San Pedro Ixtlahuaca, l\u00edmites con Santa Mar\u00eda Atzompa, Oaxaca. <br>Personal de la <a href=\"https:\/\/twitter.com\/FISCALIA_GobOax?ref_src=twsrc%5Etfw\">@FISCALIA_GobOax<\/a> impidi\u00f3 -otra vez-, las labores de la prensa, que no invad\u00eda \u00e9l \u00e1rea acordonada. <a href=\"https:\/\/t.co\/9OIAYcXcmJ\">pic.twitter.com\/9OIAYcXcmJ<\/a><\/p>&mdash; Zona Roja Oaxaca (@MexRoja) <a href=\"https:\/\/twitter.com\/MexRoja\/status\/1320357038506102785?ref_src=twsrc%5Etfw\">25 de octubre de 2020<\/a><\/blockquote><\/div>\n<\/div><\/figure>\n\n\n\n<p>Sin embargo, personal de la Fiscal\u00eda, uno de ellos identificado como Daniel Mu\u00f1oz, impidi\u00f3 las labores del reportero Javier Santiago, de \u201cOaxaca Vial, noticias al instante\u201d, pese a que respetaba el \u00e1rea de acordonamiento en se resguardaban las evidencias.<\/p>\n\n\n\n<p>El cuerpo fue trasladado al Instituto de Servicios Periciales, en San Bartolo Coyotepec, para la necropsia de ley y en espera del arribo de familiares.<\/p>\n","protected":false},"excerpt":{"rendered":"<p>Redacci\u00f3n\/Zona Roja. Oaxaca de Ju\u00e1rez, Oax., 25 de octubre de 2020.- Hasta la ma\u00f1ana de&hellip;<\/p>\n","protected":false},"author":2,"featured_media":19211,"comment_status":"closed","ping_status":"open","sticky":false,"template":"","format":"standard","meta":{"_lmt_disableupdate":"","_lmt_disable":"","_jetpack_memberships_contains_paid_content":false,"footnotes":""},"categories":[109,51],"tags":[2140],"class_list":["post-19210","post","type-post","status-publish","format-standard","has-post-thumbnail","hentry","category-minuto-a-minuto","category-zona-roja","tag-san-pedro-ixtlahuaca"],"jetpack_featured_media_url":"https:\/\/zonaroja.com.mx\/wp-content\/uploads\/2020\/10\/Ejecutado-Ixtlahuaca.jpg","jetpack_sharing_enabled":true,"_links":{"self":[{"href":"https:\/\/zonaroja.com.mx\/index.php?rest_route=\/wp\/v2\/posts\/19210","targetHints":{"allow":["GET"]}}],"collection":[{"href":"https:\/\/zonaroja.com.mx\/index.php?rest_route=\/wp\/v2\/posts"}],"about":[{"href":"https:\/\/zonaroja.com.mx\/index.php?rest_route=\/wp\/v2\/types\/post"}],"author":[{"embeddable":true,"href":"https:\/\/zonaroja.com.mx\/index.php?rest_route=\/wp\/v2\/users\/2"}],"replies":[{"embeddable":true,"href":"https:\/\/zonaroja.com.mx\/index.php?rest_route=%2Fwp%2Fv2%2Fcomments&post=19210"}],"version-history":[{"count":1,"href":"https:\/\/zonaroja.com.mx\/index.php?rest_route=\/wp\/v2\/posts\/19210\/revisions"}],"predecessor-version":[{"id":19212,"href":"https:\/\/zonaroja.com.mx\/index.php?rest_route=\/wp\/v2\/posts\/19210\/revisions\/19212"}],"wp:featuredmedia":[{"embeddable":true,"href":"https:\/\/zonaroja.com.mx\/index.php?rest_route=\/wp\/v2\/media\/19211"}],"wp:attachment":[{"href":"https:\/\/zonaroja.com.mx\/index.php?rest_route=%2Fwp%2Fv2%2Fmedia&parent=19210"}],"wp:term":[{"taxonomy":"category","embeddable":true,"href":"https:\/\/zonaroja.com.mx\/index.php?rest_route=%2Fwp%2Fv2%2Fcategories&post=19210"},{"taxonomy":"post_tag","embeddable":true,"href":"https:\/\/zonaroja.com.mx\/index.php?rest_route=%2Fwp%2Fv2%2Ftags&post=19210"}],"curies":[{"name":"wp","href":"https:\/\/api.w.org\/{rel}","templated":true}]}}