{"id":19219,"date":"2020-10-25T10:36:56","date_gmt":"2020-10-25T16:36:56","guid":{"rendered":"https:\/\/www.zonaroja.com.mx\/?p=19219"},"modified":"2020-10-25T10:50:13","modified_gmt":"2020-10-25T16:50:13","slug":"entra-hoy-en-vigor-ley-que-prohibe-el-uso-de-pet-y-unicel-en-oaxaca","status":"publish","type":"post","link":"https:\/\/zonaroja.com.mx\/?p=19219","title":{"rendered":"Entra hoy en vigor ley que proh\u00edbe el uso de pet y unicel en Oaxaca"},"content":{"rendered":"\n<p>Redacci\u00f3n\/Zona Roja.<\/p>\n\n\n\n<p>Oaxaca de Ju\u00e1rez, Oax. 25 de octubre de 2020.- Este domingo oficialmente entr\u00f3 en vigor la ley que proh\u00edbe en Oaxaca, la distribuci\u00f3n o uso de botellas desechables de pl\u00e1stico y los envases y embalajes desechables de unicel, inform\u00f3 el presidente de la Junta de Coordinaci\u00f3n Pol\u00edtica (Jucopo) del Congreso local, Horacio Sosa Villavicencio.<\/p>\n\n\n\n<p>El legislador se\u00f1al\u00f3 que a partir de esta fecha, toca a la Secretar\u00eda del Medio Ambiente, Energ\u00edas y Desarrollo Sustentable (Semaedeso) atender, ordenar, vigilar la ejecuci\u00f3n de dicha disposici\u00f3n jur\u00eddica y en su caso sancionar a quienes no cumplan con lo establecido en Ley para la Gesti\u00f3n Integral de los Residuos S\u00f3lidos.<\/p>\n\n\n\n<p>A\u00f1adi\u00f3 que seg\u00fan la nueva redacci\u00f3n de la ley, las multas a quien incumpla estas disposiciones van de diez a 50 mil salarios m\u00ednimos, la suspensi\u00f3n o revocaci\u00f3n de concesiones o autorizaciones, decomisos, clausura temporal o definitiva o incluso el arresto para quienes por parte de las empresas que utilizan este tipo de materiales para distribuir sus productos.<\/p>\n\n\n\n<p>Sosa Villavicencio reconoci\u00f3 la voluntad de algunos empresarios, quienes con la firme convicci\u00f3n de cuidar el medio ambiente, se sumaron para hacer de dicha reforma una realidad, emprendiendo acciones de concientizaci\u00f3n en la ciudadan\u00eda.<\/p>\n\n\n\n<p>Fue puntual al indicar que el Congreso no est\u00e1 en contra de los empresarios o del libre comercio, sino a favor del medio ambiente. Mencion\u00f3 que lo \u00fanico que se pide a las grandes empresas es que los productos que expenden sean amigables y no contribuyan a la degradaci\u00f3n de la naturaleza.<\/p>\n\n\n\n<p>Indic\u00f3 que con las disposiciones aprobadas, hace 15 meses, se prev\u00e9 reducir casi en un 70 por ciento la emisi\u00f3n de contaminaci\u00f3n por PET en el territorio del estado, pues se estima que el 52.8 por ciento est\u00e1 constituido por botellas desechables de refresco y 17 por ciento por botellas desechables de agua.<\/p>\n","protected":false},"excerpt":{"rendered":"<p>Redacci\u00f3n\/Zona Roja. Oaxaca de Ju\u00e1rez, Oax. 25 de octubre de 2020.- Este domingo oficialmente entr\u00f3&hellip;<\/p>\n","protected":false},"author":2,"featured_media":19218,"comment_status":"closed","ping_status":"open","sticky":false,"template":"","format":"standard","meta":{"_lmt_disableupdate":"","_lmt_disable":"","_jetpack_memberships_contains_paid_content":false,"footnotes":""},"categories":[109,52],"tags":[444],"class_list":["post-19219","post","type-post","status-publish","format-standard","has-post-thumbnail","hentry","category-minuto-a-minuto","category-zona-verde","tag-horacio-sosa-villavicencio"],"jetpack_featured_media_url":"https:\/\/zonaroja.com.mx\/wp-content\/uploads\/2020\/10\/4a141296-6b9f-4993-ad8b-86e087e5689b.jpg","jetpack_sharing_enabled":true,"_links":{"self":[{"href":"https:\/\/zonaroja.com.mx\/index.php?rest_route=\/wp\/v2\/posts\/19219","targetHints":{"allow":["GET"]}}],"collection":[{"href":"https:\/\/zonaroja.com.mx\/index.php?rest_route=\/wp\/v2\/posts"}],"about":[{"href":"https:\/\/zonaroja.com.mx\/index.php?rest_route=\/wp\/v2\/types\/post"}],"author":[{"embeddable":true,"href":"https:\/\/zonaroja.com.mx\/index.php?rest_route=\/wp\/v2\/users\/2"}],"replies":[{"embeddable":true,"href":"https:\/\/zonaroja.com.mx\/index.php?rest_route=%2Fwp%2Fv2%2Fcomments&post=19219"}],"version-history":[{"count":1,"href":"https:\/\/zonaroja.com.mx\/index.php?rest_route=\/wp\/v2\/posts\/19219\/revisions"}],"predecessor-version":[{"id":19220,"href":"https:\/\/zonaroja.com.mx\/index.php?rest_route=\/wp\/v2\/posts\/19219\/revisions\/19220"}],"wp:featuredmedia":[{"embeddable":true,"href":"https:\/\/zonaroja.com.mx\/index.php?rest_route=\/wp\/v2\/media\/19218"}],"wp:attachment":[{"href":"https:\/\/zonaroja.com.mx\/index.php?rest_route=%2Fwp%2Fv2%2Fmedia&parent=19219"}],"wp:term":[{"taxonomy":"category","embeddable":true,"href":"https:\/\/zonaroja.com.mx\/index.php?rest_route=%2Fwp%2Fv2%2Fcategories&post=19219"},{"taxonomy":"post_tag","embeddable":true,"href":"https:\/\/zonaroja.com.mx\/index.php?rest_route=%2Fwp%2Fv2%2Ftags&post=19219"}],"curies":[{"name":"wp","href":"https:\/\/api.w.org\/{rel}","templated":true}]}}