{"id":19221,"date":"2020-10-25T13:37:53","date_gmt":"2020-10-25T19:37:53","guid":{"rendered":"http:\/\/www.zonaroja.com.mx\/?p=19221"},"modified":"2020-10-25T13:37:56","modified_gmt":"2020-10-25T19:37:56","slug":"piden-firmas-para-rescatar-proyecto-de-orquestas-onem-infantiles-y-juveniles","status":"publish","type":"post","link":"https:\/\/zonaroja.com.mx\/?p=19221","title":{"rendered":"Piden firmas para rescatar proyecto de  orquestas ONEM infantiles y juveniles"},"content":{"rendered":"\n<p>Evlin Arag\u00f3n\/Zona Roja.<\/p>\n\n\n\n<p>Oaxaca de Ju\u00e1rez, Oax., 25 de octubre de 2020.- Docentes, personal administrativo, alumnado, padres y madre de familia de las Orquestas de la Nueva Escuela Mexicano (ONEM) buscan el rescate del proyecto que aseguran, desde su creaci\u00f3n y previo a su incorporaci\u00f3n a la Secretar\u00eda de Educaci\u00f3n P\u00fablica (SEP), ha beneficiado a miles de ni\u00f1as y ni\u00f1os que encuentran en la m\u00fasica una opci\u00f3n de crecimiento personal.&nbsp;<\/p>\n\n\n\n<p>Por lo anterior, han lanzado una campa\u00f1a de recolecci\u00f3n de firmas que puedan adherirse al documento que har\u00e1n llegar a la C\u00e1mara de Diputado a inicios del mes de noviembre, donde exponen la dif\u00edcil situaci\u00f3n por la que atraviesa el programa en estos momentos y piden su permanencia debido al bienestar que representa para la comunidad en general.&nbsp;<\/p>\n\n\n\n<p>El programa alberga 66 orquesta a nivel nacional, las cuales desde el 2019 son gestionadas por la SEP, cuya reciente suspensi\u00f3n amenaza gravemente el sustento econ\u00f3mico y vital de los profesionales que laboran en \u00e9l, asimismo representa un terrible menoscabo en la salud, la formaci\u00f3n acad\u00e9mica y el bienestar social y emocional de un gran n\u00famero de personas.<\/p>\n\n\n\n<p>\u201cSolicitamos de forma puntual y muy diligente que sea atendida de forma positiva nuestra solicitud y que se apruebe la continuidad de este programa que, sin duda, representa un parteaguas en la calidad de la formaci\u00f3n musical y la integraci\u00f3n social de los ni\u00f1os y j\u00f3venes en M\u00e9xico\u201d, refiere el documento al cual se adherir\u00e1n las firmas.&nbsp;<\/p>\n\n\n\n<p>Recordaron que el programa de Orquestas de la Nueva Escuela Mexicano ha demostrado mejorar la vida de ni\u00f1as, ni\u00f1os y j\u00f3venes que la integran y, en paralelo, ha logrado transformar la realidad de sus familias y las comunidades de la rodean, de ah\u00ed la importancia de su permanencia.&nbsp;<\/p>\n\n\n\n<p>Independientemente del beneficio a la ni\u00f1ez y juventud, las orquestas representan una forma de ingreso econ\u00f3mico para cientos de docentes y profesionales de la m\u00fasica, que obtienen del programa su \u00fanico sustento, debido a la pandemia y el impedimento de realizar presentaciones de car\u00e1cter masivo.&nbsp;<\/p>\n\n\n\n<p>Justamente y en el entendido de los ajustes presupuestales debido a la contingencia sanitaria, aseguraron que las adecuaciones en la asignaci\u00f3n de recursos p\u00fablicos deben realizar acorde y congruente a las consecuencias que pueden traer consigo a la sociedad y no por ocurrencias.<\/p>\n\n\n\n<p>\u201cEntendemos que la situaci\u00f3n pand\u00e9mica que sufrimos no s\u00f3lo ha destrozado vida, sino que ha alterado planes, programas y econom\u00edas a nivel global; sabemos que todos los \u00e1mbitos deben adaptarse a la realidad que vivimos. No obstante, entendemos tambi\u00e9n que lo ajuste presupuestales deben ser acordes y congruentes a las consecuencias que conllevan para la sociedad\u201d, refirieron.<\/p>\n\n\n\n<p>Por lo anterior, solicitaron a la ciudadan\u00eda en general unirse a la petici\u00f3n mediante la firma del documento digital, mismo que har\u00e1n entrega a las y los diputados federales para su consideraci\u00f3n.&nbsp;<\/p>\n\n\n\n<p>Estas orquestas fueron creadas por la Fundaci\u00f3n Azteca del empresario Ricardo Salinas Pliego, due\u00f1o de TV Azteca, y en julio del 2019 fueron integrada a la SEP como parte del programa de Escuelas de Tiempo Completo.<\/p>\n\n\n\n<p>En la entidad estuvieron presentes en Oaxaca de Ju\u00e1rez, Zimatl\u00e1n de \u00c1lvarez y de Huajuapan de Le\u00f3n.&nbsp;<\/p>\n","protected":false},"excerpt":{"rendered":"<p>Evlin Arag\u00f3n\/Zona Roja. Oaxaca de Ju\u00e1rez, Oax., 25 de octubre de 2020.- Docentes, personal administrativo,&hellip;<\/p>\n","protected":false},"author":2,"featured_media":19223,"comment_status":"closed","ping_status":"open","sticky":false,"template":"","format":"standard","meta":{"_lmt_disableupdate":"","_lmt_disable":"","_jetpack_memberships_contains_paid_content":false,"footnotes":""},"categories":[109,47],"tags":[1751],"class_list":["post-19221","post","type-post","status-publish","format-standard","has-post-thumbnail","hentry","category-minuto-a-minuto","category-zona-gris","tag-orquesta-nueva-escuela-mexicana"],"jetpack_featured_media_url":"https:\/\/zonaroja.com.mx\/wp-content\/uploads\/2020\/10\/Orquestas-Nueva-Escuela-Mexicana-1.jpg","jetpack_sharing_enabled":true,"_links":{"self":[{"href":"https:\/\/zonaroja.com.mx\/index.php?rest_route=\/wp\/v2\/posts\/19221","targetHints":{"allow":["GET"]}}],"collection":[{"href":"https:\/\/zonaroja.com.mx\/index.php?rest_route=\/wp\/v2\/posts"}],"about":[{"href":"https:\/\/zonaroja.com.mx\/index.php?rest_route=\/wp\/v2\/types\/post"}],"author":[{"embeddable":true,"href":"https:\/\/zonaroja.com.mx\/index.php?rest_route=\/wp\/v2\/users\/2"}],"replies":[{"embeddable":true,"href":"https:\/\/zonaroja.com.mx\/index.php?rest_route=%2Fwp%2Fv2%2Fcomments&post=19221"}],"version-history":[{"count":1,"href":"https:\/\/zonaroja.com.mx\/index.php?rest_route=\/wp\/v2\/posts\/19221\/revisions"}],"predecessor-version":[{"id":19224,"href":"https:\/\/zonaroja.com.mx\/index.php?rest_route=\/wp\/v2\/posts\/19221\/revisions\/19224"}],"wp:featuredmedia":[{"embeddable":true,"href":"https:\/\/zonaroja.com.mx\/index.php?rest_route=\/wp\/v2\/media\/19223"}],"wp:attachment":[{"href":"https:\/\/zonaroja.com.mx\/index.php?rest_route=%2Fwp%2Fv2%2Fmedia&parent=19221"}],"wp:term":[{"taxonomy":"category","embeddable":true,"href":"https:\/\/zonaroja.com.mx\/index.php?rest_route=%2Fwp%2Fv2%2Fcategories&post=19221"},{"taxonomy":"post_tag","embeddable":true,"href":"https:\/\/zonaroja.com.mx\/index.php?rest_route=%2Fwp%2Fv2%2Ftags&post=19221"}],"curies":[{"name":"wp","href":"https:\/\/api.w.org\/{rel}","templated":true}]}}