{"id":19225,"date":"2020-10-25T14:50:33","date_gmt":"2020-10-25T20:50:33","guid":{"rendered":"http:\/\/www.zonaroja.com.mx\/?p=19225"},"modified":"2020-10-25T14:50:36","modified_gmt":"2020-10-25T20:50:36","slug":"sigue-la-guerra-mult-vs-multi-y-ubisort-desbloquearan-carretera","status":"publish","type":"post","link":"https:\/\/zonaroja.com.mx\/?p=19225","title":{"rendered":"Sigue la guerra MULT vs. MULTI y Ubisort; desbloquear\u00e1n carretera"},"content":{"rendered":"\n<p>Redacci\u00f3n\/Zona Roja.<\/p>\n\n\n\n<p>Oaxaca de Ju\u00e1rez, Oax., 25 de octubre de 2020.- Ante los bloqueos en la zona triqui luego del asesinato de un ind\u00edgena, el Movimiento de Unificaci\u00f3n y Lucha Triqui (MULT) demand\u00f3 el retiro de cierres de carreteras.<\/p>\n\n\n\n<p>Asimismo, Rogelio Pensamiento Mesinas, dirigente de la organizaci\u00f3n que fund\u00f3 Heriberto Pazos Ortiz, anunci\u00f3 una huelga de hambre para el pr\u00f3ximo martes, a fin de presionar al Gobierno del Estado para que intervenga.<\/p>\n\n\n\n<p>En un comunicado, el MULT denunci\u00f3 a grupos paramilitares encabezados por Macario Garc\u00eda y Fabi\u00e1n Pereda (de Ubisort), quienes tienen tomadas las carreteras en la regi\u00f3n Mixteca desde hace ocho d\u00edas.<\/p>\n\n\n\n<p>\u201cLic. Francisco Garc\u00eda, secretario General de Gobierno: disculpe que por \u00e9ste medio le informe que el d\u00eda martes 27 de octubre iniciar\u00e9 una huelga de hambre con la direcci\u00f3n pol\u00edtica del MULT debido a que no puedo dejar solas a las comunidades que permanecen bloqueadas en el acceso por gente armada que encabezan los se\u00f1ores Macario Garc\u00eda y Fabi\u00e1n Pereda\u201d, expuso.<\/p>\n\n\n\n<p>\u201cSolicito su intervenci\u00f3n para que se garantice el libre tr\u00e1nsito. Necesitamos alimentos y medicinas. Si no comen mis compa\u00f1eros, yo tampoco. Por su atenci\u00f3n, quedo de usted. La lucha por la mesa de paz es una bandera y causa noble, justa y honesta. No a la violencia\u201d, remarc\u00f3.<\/p>\n\n\n\n<p>Hasta el momento no hay respuesta por parte de la Secretar\u00eda General de Gobierno.<\/p>\n\n\n\n<p>El pasado 15 de octubre perdi\u00f3 la vida un ind\u00edgena baleado d\u00edas antes en Santiago Juxtlahuaca, de lo cual, el MULTI y Ubisort acusan al MULT de ser los autores materiales e intelectuales del crimen.<\/p>\n","protected":false},"excerpt":{"rendered":"<p>Redacci\u00f3n\/Zona Roja. Oaxaca de Ju\u00e1rez, Oax., 25 de octubre de 2020.- Ante los bloqueos en&hellip;<\/p>\n","protected":false},"author":2,"featured_media":2973,"comment_status":"closed","ping_status":"open","sticky":false,"template":"","format":"standard","meta":{"_lmt_disableupdate":"","_lmt_disable":"","_jetpack_memberships_contains_paid_content":false,"footnotes":""},"categories":[109,47],"tags":[732],"class_list":["post-19225","post","type-post","status-publish","format-standard","has-post-thumbnail","hentry","category-minuto-a-minuto","category-zona-gris","tag-movimiento-de-unificacion-y-lucha-triqui"],"jetpack_featured_media_url":"https:\/\/zonaroja.com.mx\/wp-content\/uploads\/2019\/08\/MULT1.jpg","jetpack_sharing_enabled":true,"_links":{"self":[{"href":"https:\/\/zonaroja.com.mx\/index.php?rest_route=\/wp\/v2\/posts\/19225","targetHints":{"allow":["GET"]}}],"collection":[{"href":"https:\/\/zonaroja.com.mx\/index.php?rest_route=\/wp\/v2\/posts"}],"about":[{"href":"https:\/\/zonaroja.com.mx\/index.php?rest_route=\/wp\/v2\/types\/post"}],"author":[{"embeddable":true,"href":"https:\/\/zonaroja.com.mx\/index.php?rest_route=\/wp\/v2\/users\/2"}],"replies":[{"embeddable":true,"href":"https:\/\/zonaroja.com.mx\/index.php?rest_route=%2Fwp%2Fv2%2Fcomments&post=19225"}],"version-history":[{"count":1,"href":"https:\/\/zonaroja.com.mx\/index.php?rest_route=\/wp\/v2\/posts\/19225\/revisions"}],"predecessor-version":[{"id":19226,"href":"https:\/\/zonaroja.com.mx\/index.php?rest_route=\/wp\/v2\/posts\/19225\/revisions\/19226"}],"wp:featuredmedia":[{"embeddable":true,"href":"https:\/\/zonaroja.com.mx\/index.php?rest_route=\/wp\/v2\/media\/2973"}],"wp:attachment":[{"href":"https:\/\/zonaroja.com.mx\/index.php?rest_route=%2Fwp%2Fv2%2Fmedia&parent=19225"}],"wp:term":[{"taxonomy":"category","embeddable":true,"href":"https:\/\/zonaroja.com.mx\/index.php?rest_route=%2Fwp%2Fv2%2Fcategories&post=19225"},{"taxonomy":"post_tag","embeddable":true,"href":"https:\/\/zonaroja.com.mx\/index.php?rest_route=%2Fwp%2Fv2%2Ftags&post=19225"}],"curies":[{"name":"wp","href":"https:\/\/api.w.org\/{rel}","templated":true}]}}