{"id":19227,"date":"2020-10-25T17:43:30","date_gmt":"2020-10-25T23:43:30","guid":{"rendered":"http:\/\/www.zonaroja.com.mx\/?p=19227"},"modified":"2020-10-25T17:46:31","modified_gmt":"2020-10-25T23:46:31","slug":"impunidad-en-caso-masacre-de-huazantlan-presuntos-asesinos-libres-y-hasta-bloquean","status":"publish","type":"post","link":"https:\/\/zonaroja.com.mx\/?p=19227","title":{"rendered":"Impunidad en caso masacre de Huazantl\u00e1n: presuntos asesinos, libres y hasta bloquean"},"content":{"rendered":"\n<p>Yuridiana Sosa\/Zona Roja.<\/p>\n\n\n\n<p>Oaxaca de Ju\u00e1rez, Oax., 25 de octubre de 2020.- Los presuntos asesinos de 15 personas masacradas en Huazantl\u00e1n del R\u00edo, San Mateo del Mar, adem\u00e1s de seguir en libertad entre la comunidad v\u00edctima del hecho violento, tambi\u00e9n realizan bloqueos en el Istmo, sin que la Fiscal\u00eda General de Oaxaca realice acciones para detenerlos, denunciaron familiares de los asesinados.<\/p>\n\n\n\n<p>A cuatro meses de la matanza de hombres y mujeres, Mar\u00eda del Rosario Guerra Salazar, lament\u00f3 que hasta el momento no tengan ninguna respuesta ni haya detenidos por los hechos sucedidos el 21 de junio de este a\u00f1o.<\/p>\n\n\n\n<p>\u201cTampoco podemos regresar porque estamos desplazados de la comunidad, somos 30 personas; la Fiscal\u00eca dice que hay investigaciones, pero no hay nada; los asesinos siguen sueltos y hasta el momento siguen bloqueando la carretera\u201d, dijo.<\/p>\n\n\n\n<p>Adelant\u00f3 que los probables autores materiales e intelectuales de la masacre planean bloquear de nuevo al menos tres puntos de vialidades en la regi\u00f3n del Istmo de Tehuantepec.<\/p>\n\n\n\n<p>\u201cA pesar de que est\u00e1n en el pueblo, no han sido detenidos, al contrario est\u00e1n resguardados por la Guardia Nacional y la Polic\u00eda Estatal; ellos s\u00ed tienen medidas cautelares mientras que nosotros no, pedimos y hasta el momento no hay\u201d, manifest\u00f3 a ZONA ROJA.<\/p>\n\n\n\n<p>Expuso que los familiares y hu\u00e9rfanos de las v\u00edctimas tampoco tienen atenci\u00f3n psicol\u00f3gica ni de ning\u00fan tipo; \u201cno vamos a parar hasta que est\u00e9n los asesinos en la c\u00e1rcel\u201d, agreg\u00f3.<\/p>\n\n\n\n<figure class=\"wp-block-embed-twitter wp-block-embed is-type-rich is-provider-twitter\"><div class=\"wp-block-embed__wrapper\">\n<div class=\"twitter-tweet\"><blockquote class=\"twitter-tweet\" data-lang=\"es\"><p lang=\"es\" dir=\"ltr\"><a href=\"https:\/\/twitter.com\/hashtag\/OaxacaGris?src=hash&amp;ref_src=twsrc%5Etfw\">#OaxacaGris<\/a> <br>Otra negligencia de la <a href=\"https:\/\/twitter.com\/FISCALIA_GobOax?ref_src=twsrc%5Etfw\">@FISCALIA_GobOax<\/a>: a cuatro meses de la masacre en Huazantl\u00e1n del R\u00edo, no hay ning\u00fan detenido ni justicia, denuncia familiar de una de las v\u00edctimas. <br>Por el contrario, dice, los presuntos asesinos siguen en el pueblo y causan desmanes. <a href=\"https:\/\/t.co\/IF24BaSnew\">pic.twitter.com\/IF24BaSnew<\/a><\/p>&mdash; Zona Roja Oaxaca (@MexRoja) <a href=\"https:\/\/twitter.com\/MexRoja\/status\/1320488565864845313?ref_src=twsrc%5Etfw\">25 de octubre de 2020<\/a><\/blockquote><\/div>\n<\/div><\/figure>\n\n\n\n<p>Alejandrino, otro ind\u00edgena v\u00edctima de la violencia en su comunidad, acus\u00f3 a nombre de las familias la incapacidad de la Fiscal\u00eda para las investigaciones en este caso y ejecutar \u00f3rdenes de aprehensi\u00f3n contra las quienes est\u00e1n plenamente identificados y existen pruebas sobre su responsabilidad en el hecho.<\/p>\n\n\n\n<p>Indic\u00f3 que mientras la poblaci\u00f3n vive con miedo en su comunidad, los presuntos culpables, a quienes identifican tambi\u00e9n como militantes y activistas del PRI, se pasean con toda libertad entre las diferentes poblaciones de San Mateo del Mar.<\/p>\n\n\n\n<p>\u201cHago un llamado a los gobiernos federal y estatal para que haya justicia. Hemos caminado en Oaxaca y en la ciudad de M\u00e9xico, hemos denunciado a los asesinos, pero a la fecha, no hay nada a cuatro meses. Exigimos justicia\u201d, indic\u00f3.<\/p>\n\n\n\n<p>Las conclusiones para los afectados es que \u201cdetr\u00e1s de los asesinos est\u00e1 el gobierno y por eso no investigan, ni los detienen\u201d, expres\u00f3 el hombre.<\/p>\n\n\n\n<p>De acuerdo con los familiares, los priistas identificados como probables responsables son: Jos\u00e9 Luis Ch\u00e1vez, Camerino D\u00e1valos, Pedro D\u00e1valos, Laura Fiallo e Iv\u00e1n Mateos L\u00f3pez. <\/p>\n\n\n\n<figure class=\"wp-block-embed-twitter wp-block-embed is-type-rich is-provider-twitter\"><div class=\"wp-block-embed__wrapper\">\n<div class=\"twitter-tweet\"><blockquote class=\"twitter-tweet\" data-lang=\"es\"><p lang=\"es\" dir=\"ltr\">Durante el mitin del <a href=\"https:\/\/twitter.com\/FPR_OAXACA?ref_src=twsrc%5Etfw\">@FPR_OAXACA<\/a> en la sede alterna de la <a href=\"https:\/\/twitter.com\/FISCALIA_GobOax?ref_src=twsrc%5Etfw\">@FISCALIA_GobOax<\/a>, estuvieron tambi\u00e9n familiares de v\u00edctimas de la masacre en <a href=\"https:\/\/twitter.com\/hashtag\/Huazantl%C3%A1n?src=hash&amp;ref_src=twsrc%5Etfw\">#Huazantl\u00e1n<\/a> del R\u00edo, perpetrada hace cuatro meses, quienes denunciaron tambi\u00e9n impunidad y ning\u00fan avance en las investigaciones. <a href=\"https:\/\/t.co\/RaW1TLOO2b\">pic.twitter.com\/RaW1TLOO2b<\/a><\/p>&mdash; Zona Roja Oaxaca (@MexRoja) <a href=\"https:\/\/twitter.com\/MexRoja\/status\/1320116105516638209?ref_src=twsrc%5Etfw\">24 de octubre de 2020<\/a><\/blockquote><\/div>\n<\/div><\/figure>\n","protected":false},"excerpt":{"rendered":"<p>Yuridiana Sosa\/Zona Roja. Oaxaca de Ju\u00e1rez, Oax., 25 de octubre de 2020.- Los presuntos asesinos&hellip;<\/p>\n","protected":false},"author":2,"featured_media":19229,"comment_status":"closed","ping_status":"open","sticky":false,"template":"","format":"standard","meta":{"_lmt_disableupdate":"","_lmt_disable":"","_jetpack_memberships_contains_paid_content":false,"footnotes":""},"categories":[109,47],"tags":[1656],"class_list":["post-19227","post","type-post","status-publish","format-standard","has-post-thumbnail","hentry","category-minuto-a-minuto","category-zona-gris","tag-huazantlan-del-rio"],"jetpack_featured_media_url":"https:\/\/zonaroja.com.mx\/wp-content\/uploads\/2020\/10\/Caso-Huazantlan-del-Rio.jpg","jetpack_sharing_enabled":true,"_links":{"self":[{"href":"https:\/\/zonaroja.com.mx\/index.php?rest_route=\/wp\/v2\/posts\/19227","targetHints":{"allow":["GET"]}}],"collection":[{"href":"https:\/\/zonaroja.com.mx\/index.php?rest_route=\/wp\/v2\/posts"}],"about":[{"href":"https:\/\/zonaroja.com.mx\/index.php?rest_route=\/wp\/v2\/types\/post"}],"author":[{"embeddable":true,"href":"https:\/\/zonaroja.com.mx\/index.php?rest_route=\/wp\/v2\/users\/2"}],"replies":[{"embeddable":true,"href":"https:\/\/zonaroja.com.mx\/index.php?rest_route=%2Fwp%2Fv2%2Fcomments&post=19227"}],"version-history":[{"count":2,"href":"https:\/\/zonaroja.com.mx\/index.php?rest_route=\/wp\/v2\/posts\/19227\/revisions"}],"predecessor-version":[{"id":19230,"href":"https:\/\/zonaroja.com.mx\/index.php?rest_route=\/wp\/v2\/posts\/19227\/revisions\/19230"}],"wp:featuredmedia":[{"embeddable":true,"href":"https:\/\/zonaroja.com.mx\/index.php?rest_route=\/wp\/v2\/media\/19229"}],"wp:attachment":[{"href":"https:\/\/zonaroja.com.mx\/index.php?rest_route=%2Fwp%2Fv2%2Fmedia&parent=19227"}],"wp:term":[{"taxonomy":"category","embeddable":true,"href":"https:\/\/zonaroja.com.mx\/index.php?rest_route=%2Fwp%2Fv2%2Fcategories&post=19227"},{"taxonomy":"post_tag","embeddable":true,"href":"https:\/\/zonaroja.com.mx\/index.php?rest_route=%2Fwp%2Fv2%2Ftags&post=19227"}],"curies":[{"name":"wp","href":"https:\/\/api.w.org\/{rel}","templated":true}]}}