{"id":1923,"date":"2019-06-29T19:08:05","date_gmt":"2019-06-30T00:08:05","guid":{"rendered":"http:\/\/www.zonaroja.com.mx\/?p=1923"},"modified":"2019-06-29T19:12:14","modified_gmt":"2019-06-30T00:12:14","slug":"que-pinche-frio-todo-por-una-porra-y-la-chamba","status":"publish","type":"post","link":"https:\/\/zonaroja.com.mx\/?p=1923","title":{"rendered":"\u201c\u00a1Qu\u00e9 pinche fr\u00edo! Todo por una porra y la chamba\u201d"},"content":{"rendered":"\n<p>Ismael Garc\u00eda M.<\/p>\n\n\n\n<p>San Juan Atepec, Oax., 29 de junio de 2019.- \u201cNo mames\ncabr\u00f3n, me estoy congelando\u201d. \u201cTodo lo que hay que hacer por echar porra y no perder\nla chamba\u201d. <\/p>\n\n\n\n<p>La escena y los comentarios son de cientos de bur\u00f3cratas\nacarreados al acto oficial, en plena Sierra Ju\u00e1rez, a unos ocho grados\ncent\u00edgrados y unos 80 kil\u00f3metros de su mullido sill\u00f3n.<\/p>\n\n\n\n<p>Muchos llegaron desde la noche del viernes; se alojaron\ndonde pudieron y alcanzaron, la mayor\u00eda en Ixtl\u00e1n; otros en la madrugada, pero\npermanecieron en la decena de autobuses y otra cantidad igual de camionetas de\nalquiler.<\/p>\n\n\n\n<figure class=\"wp-block-image\"><img decoding=\"async\" width=\"1024\" height=\"768\" src=\"http:\/\/www.zonaroja.com.mx\/wp-content\/uploads\/2019\/06\/San-Juan-Atepec-L\u00f3pez-Obrador-2-1024x768.jpg\" alt=\"\" class=\"wp-image-1924\" srcset=\"https:\/\/zonaroja.com.mx\/wp-content\/uploads\/2019\/06\/San-Juan-Atepec-L\u00f3pez-Obrador-2-1024x768.jpg 1024w, https:\/\/zonaroja.com.mx\/wp-content\/uploads\/2019\/06\/San-Juan-Atepec-L\u00f3pez-Obrador-2-300x225.jpg 300w, https:\/\/zonaroja.com.mx\/wp-content\/uploads\/2019\/06\/San-Juan-Atepec-L\u00f3pez-Obrador-2-768x576.jpg 768w, https:\/\/zonaroja.com.mx\/wp-content\/uploads\/2019\/06\/San-Juan-Atepec-L\u00f3pez-Obrador-2-1170x878.jpg 1170w, https:\/\/zonaroja.com.mx\/wp-content\/uploads\/2019\/06\/San-Juan-Atepec-L\u00f3pez-Obrador-2-585x439.jpg 585w, https:\/\/zonaroja.com.mx\/wp-content\/uploads\/2019\/06\/San-Juan-Atepec-L\u00f3pez-Obrador-2.jpg 1280w\" sizes=\"(max-width: 1024px) 100vw, 1024px\" \/><\/figure>\n\n\n\n<p>S\u00e1bado 08:00. Todos titiritan; el fr\u00edo cala, la neblina permanece.\nEl \u00fanico restaurante en el crucero a Atepec, luce atestado, por decenas que\nhacen cola para ir a los sanitarios y otros por comprar alg\u00fan alimento. <\/p>\n\n\n\n<p>A un lado de la carretera se amontonan. Se acurrucan en el\npiso entre s\u00ed; muchos m\u00e1s permanecen parados, varios con la cobija encima. Dos\npuestos al exterior, insuficientes para dar de desayunar, y se acabaron los\nvasos desechables para el caf\u00e9; unos optan por cortar un envase de pl\u00e1stico,\ncon tal de conseguir caf\u00e9. <\/p>\n\n\n\n<p>S\u00f3lo a un grupo privilegiados de trabajadores del gobierno\nles dieron su \u201clunch\u201d, una bolsa de papel con una torta, un yogur y una\nensalada. Los dem\u00e1s, a esperar.<\/p>\n\n\n\n<p>\u201c..uta padre, de haber sabido me traigo mi torta y mi chesco\u201d.\nVarios cargan en la mano una matraca, nueva; otros, cartulinas, los menos una\nlona de apoyo al gobernador Alejandro Murat, como los que colocaron a lo largo\ndel trayecto de la capital hacia ac\u00e1. Van de un lado a otro; no hay sol, no hay\nd\u00f3nde sentarse m\u00e1s que en el piso.<\/p>\n\n\n\n<p>A medio kil\u00f3metro del acceso, un cami\u00f3n atravesado y decenas\nde pobladores que impiden el paso. \u201cEsperen, esperen, la orden es esperar\u201d,\ndice uno de ellos desde una bocina. La rechiflada se suelta.<\/p>\n\n\n\n<p>Muy pocos simpatizantes de Andr\u00e9s Manuel L\u00f3pez Obrador,\nacaso los agradecidos serranos con las obras carreteras.<\/p>\n\n\n\n<p>Varios funcionarios encabezaron sus comitivas de bur\u00f3cratas.\nLa secretaria de las Mujeres, Ana V\u00e1squez, con abrigos y gorro; atr\u00e1s, su\nayudante cargando la cobija. Va de un lado a otro. Paulo Tapia, del Cecyte,\ns\u00f3lo con una acompa\u00f1ante; Rodrigo Gonz\u00e1lez Ilescas, del Cobao, tomando selfies\ncon su amiga.<\/p>\n\n\n\n<figure class=\"wp-block-image\"><img decoding=\"async\" width=\"1024\" height=\"767\" src=\"http:\/\/www.zonaroja.com.mx\/wp-content\/uploads\/2019\/06\/San-Juan-Atepec-L\u00f3pez-Obrador-4-1024x767.jpg\" alt=\"\" class=\"wp-image-1926\" srcset=\"https:\/\/zonaroja.com.mx\/wp-content\/uploads\/2019\/06\/San-Juan-Atepec-L\u00f3pez-Obrador-4-1024x767.jpg 1024w, https:\/\/zonaroja.com.mx\/wp-content\/uploads\/2019\/06\/San-Juan-Atepec-L\u00f3pez-Obrador-4-300x225.jpg 300w, https:\/\/zonaroja.com.mx\/wp-content\/uploads\/2019\/06\/San-Juan-Atepec-L\u00f3pez-Obrador-4-768x575.jpg 768w, https:\/\/zonaroja.com.mx\/wp-content\/uploads\/2019\/06\/San-Juan-Atepec-L\u00f3pez-Obrador-4-1170x877.jpg 1170w, https:\/\/zonaroja.com.mx\/wp-content\/uploads\/2019\/06\/San-Juan-Atepec-L\u00f3pez-Obrador-4-585x438.jpg 585w, https:\/\/zonaroja.com.mx\/wp-content\/uploads\/2019\/06\/San-Juan-Atepec-L\u00f3pez-Obrador-4.jpg 1280w\" sizes=\"(max-width: 1024px) 100vw, 1024px\" \/><\/figure>\n\n\n\n<p>Madrugaron David May\u00e9n, de CAO, y el contralor Jes\u00fas D\u00edaz\nNavarro; Samuel Gurri\u00f3n, de Medio Ambiente, llega tarde. Alrededor de las nueve\nde la ma\u00f1ana arrib\u00f3 el diputado Alejandro Avil\u00e9s, con su s\u00e9quito en dos\nveh\u00edculos y con privilegio de estacionarlos en lugar preferente.<\/p>\n\n\n\n<p>M\u00e1s discreto, aunque sin faltar sus botas y sombrero al\nestilo norte\u00f1o, el Comisionado de la Polic\u00eda Estatal, Jos\u00e9 Aniceto S\u00e1nchez\nSaldierna, para vigilar el resguardo de unos 100 polic\u00edas sin uniforme.<\/p>\n\n\n\n<p>&#8211;\u00a1Ya cabrones, d\u00e9jenos pasar! \u00a1Tenemos fr\u00edo! \u2013el grito de\nlos bur\u00f3cratas, seguido de chiflidos.<\/p>\n\n\n\n<p>&#8211;Van a pasar de 200 en 200, no se desesperen, responde un\npoblador en un altoparlante. <\/p>\n\n\n\n<p>Pero la desesperaci\u00f3n sigue; el fr\u00edo calaba; los bur\u00f3cratas\na ratos inconformes.<\/p>\n\n\n\n<p>\u201cFavor de hacer fila, ya van a comenzar a pasar, pero van a\ntener que caminar\u201d, el de la bocina de nuevo.<\/p>\n\n\n\n<p>La irritaci\u00f3n otra vez; cambia de parecer el que comanda el\nacceso: \u201cVan a pasar de 50 en 50, primero las mujeres\u201d. De nuevo los silbidos de\ndesesperados trabajadores de gobierno.<\/p>\n\n\n\n<p>10:0 horas. Finalmente comienzan a pasar todos. A caminar,\ncobija en mano, manos en la bolsa, desma\u00f1anados, dos kil\u00f3metros hacia abajo,\npor la v\u00eda pavimentada, motivo de la gira presidencial.<\/p>\n\n\n\n<figure class=\"wp-block-image\"><img decoding=\"async\" width=\"1024\" height=\"767\" src=\"http:\/\/www.zonaroja.com.mx\/wp-content\/uploads\/2019\/06\/San-Juan-Atepec-L\u00f3pez-Obrador-5-1024x767.jpg\" alt=\"\" class=\"wp-image-1927\" srcset=\"https:\/\/zonaroja.com.mx\/wp-content\/uploads\/2019\/06\/San-Juan-Atepec-L\u00f3pez-Obrador-5-1024x767.jpg 1024w, https:\/\/zonaroja.com.mx\/wp-content\/uploads\/2019\/06\/San-Juan-Atepec-L\u00f3pez-Obrador-5-300x225.jpg 300w, https:\/\/zonaroja.com.mx\/wp-content\/uploads\/2019\/06\/San-Juan-Atepec-L\u00f3pez-Obrador-5-768x575.jpg 768w, https:\/\/zonaroja.com.mx\/wp-content\/uploads\/2019\/06\/San-Juan-Atepec-L\u00f3pez-Obrador-5-1170x877.jpg 1170w, https:\/\/zonaroja.com.mx\/wp-content\/uploads\/2019\/06\/San-Juan-Atepec-L\u00f3pez-Obrador-5-585x438.jpg 585w, https:\/\/zonaroja.com.mx\/wp-content\/uploads\/2019\/06\/San-Juan-Atepec-L\u00f3pez-Obrador-5.jpg 1280w\" sizes=\"(max-width: 1024px) 100vw, 1024px\" \/><\/figure>\n\n\n\n<p>Por fin una ansiada silla, bajo una lona dividida por vallas\nmet\u00e1licas. En un recuadro los bur\u00f3cratas; en otro los presidentes municipales,\nen uno m\u00e1s los pobladores de Atepec. Listos para las porras. En corrales, los\nde la prensa, separados nacionales y estatales. A esperar casi otras dos horas.<\/p>\n\n\n\n<p>A las 11:50 arriba la comitiva presidencia y estatal, en\ncamionetas de lujo y \u00faltimo modelo. R\u00e1pido ingreso, pocos saludos; la \u201cDiana\u201d\nse escucha con la banda de viento; los cohetes y las ruedas catarina, entre los\nfrondosos pinos. Fiesta.<\/p>\n\n\n\n<p>Casi de compromiso los apretones de mano y llegando y\nllegando, la competencia de porras: \u00a1Alejandro! \u00a1Alejandro! \u00a1Alejandro! \u00a1Alejandro!&#8230;<\/p>\n\n\n\n<p>\u00a1Presidente! \u00a1Presidente! \u00a1Presidente! \u00a1Presidente!&#8230;\ndevolv\u00edan los simpatizantes morenistas, muchos disfrazados de \u201cservidores de la\nnaci\u00f3n\u201d. Pocos abucheos, m\u00e1s bien competencia de matracas y de gritos. <\/p>\n\n\n\n<figure class=\"wp-block-image\"><img decoding=\"async\" width=\"1024\" height=\"767\" src=\"http:\/\/www.zonaroja.com.mx\/wp-content\/uploads\/2019\/06\/San-Juan-Atepec-L\u00f3pez-Obrador-1-1-1024x767.jpg\" alt=\"\" class=\"wp-image-1928\" srcset=\"https:\/\/zonaroja.com.mx\/wp-content\/uploads\/2019\/06\/San-Juan-Atepec-L\u00f3pez-Obrador-1-1-1024x767.jpg 1024w, https:\/\/zonaroja.com.mx\/wp-content\/uploads\/2019\/06\/San-Juan-Atepec-L\u00f3pez-Obrador-1-1-300x225.jpg 300w, https:\/\/zonaroja.com.mx\/wp-content\/uploads\/2019\/06\/San-Juan-Atepec-L\u00f3pez-Obrador-1-1-768x575.jpg 768w, https:\/\/zonaroja.com.mx\/wp-content\/uploads\/2019\/06\/San-Juan-Atepec-L\u00f3pez-Obrador-1-1-1170x877.jpg 1170w, https:\/\/zonaroja.com.mx\/wp-content\/uploads\/2019\/06\/San-Juan-Atepec-L\u00f3pez-Obrador-1-1-585x438.jpg 585w, https:\/\/zonaroja.com.mx\/wp-content\/uploads\/2019\/06\/San-Juan-Atepec-L\u00f3pez-Obrador-1-1.jpg 1280w\" sizes=\"(max-width: 1024px) 100vw, 1024px\" \/><\/figure>\n\n\n\n<p>Menos de cinco minutos para hablar, el presidente municipal\nde Atepec, Jorge Herminio P\u00e9rez; unos cinco minutos el gobernador Alejandro\nMurat; unos 15 minutos L\u00f3pez Obrador, porque ten\u00eda prisa de regresar a la capital\ndel pa\u00eds.<\/p>\n\n\n\n<p>M\u00e1s aplausos, m\u00e1s porras en cada intervenci\u00f3n. Entre el\nbosque, a lo lejos, Samuel Gurri\u00f3n y Alejandro Avil\u00e9s presenciaban el acto,\npues no pudieron pasar al enlonado. <\/p>\n\n\n\n<p>Justo una hora despu\u00e9s termina todo. De inmediato gobernador\ny presidente abordaron los veh\u00edculos para regresar a la capital por carretera.<\/p>\n\n\n\n<p>Los bur\u00f3cratas a salir, a caminar por empinado pavimento. A\nla una de la tarde, camionetas de pasaje y autobuses copaban la carretera,\ntodos a bordo.<\/p>\n\n\n\n<p>\u201c..uta madre, para eso tanto piche desma\u00f1anada, para eso soportar el fr\u00edo\u2026\u201d, masculla Poncho, uno de los cientos de bur\u00f3cratas acarreados para un acto ins\u00edpido, sin contenido m\u00e1s que las palabras de elogio mutuos entre los gobernantes. Termina la friolenta pesadilla.<\/p>\n\n\n\n<figure class=\"wp-block-embed-twitter wp-block-embed is-type-rich is-provider-twitter\"><div class=\"wp-block-embed__wrapper\">\n<div class=\"twitter-tweet\"><blockquote class=\"twitter-tweet\" data-lang=\"es\"><p lang=\"es\" dir=\"ltr\"><a href=\"https:\/\/twitter.com\/hashtag\/OaxacaRosa?src=hash&amp;ref_src=twsrc%5Etfw\">#OaxacaRosa<\/a><br>En San Juan Atepec, <a href=\"https:\/\/twitter.com\/hashtag\/Oaxaca?src=hash&amp;ref_src=twsrc%5Etfw\">#Oaxaca<\/a>, el Presidente <a href=\"https:\/\/twitter.com\/lopezobrador_?ref_src=twsrc%5Etfw\">@lopezobrador_<\/a> hizo una de sus ya acostumbradas consultas a mano alzada. \u00bfDe qu\u00e9 se trat\u00f3 este s\u00e1bado? Vea: <a href=\"https:\/\/twitter.com\/DEELAYUUK?ref_src=twsrc%5Etfw\">@DEELAYUUK<\/a> <a href=\"https:\/\/twitter.com\/alejandromurat?ref_src=twsrc%5Etfw\">@alejandromurat<\/a> <a href=\"https:\/\/t.co\/nsFAwNWIZ7\">pic.twitter.com\/nsFAwNWIZ7<\/a><\/p>&mdash; Zona Roja Oaxaca (@MexRoja) <a href=\"https:\/\/twitter.com\/MexRoja\/status\/1145086208030081024?ref_src=twsrc%5Etfw\">29 de junio de 2019<\/a><\/blockquote><\/div>\n<\/div><\/figure>\n","protected":false},"excerpt":{"rendered":"<p>Ismael Garc\u00eda M. San Juan Atepec, Oax., 29 de junio de 2019.- \u201cNo mames cabr\u00f3n,&hellip;<\/p>\n","protected":false},"author":2,"featured_media":1930,"comment_status":"closed","ping_status":"open","sticky":false,"template":"","format":"standard","meta":{"_lmt_disableupdate":"","_lmt_disable":"","_jetpack_memberships_contains_paid_content":false,"footnotes":""},"categories":[109,46],"tags":[173,269,58,268],"class_list":["post-1923","post","type-post","status-publish","format-standard","has-post-thumbnail","hentry","category-minuto-a-minuto","category-zona-blanca","tag-alejandro-murat-hinojosa","tag-burocratas-acarreados","tag-oaxaca","tag-san-juan-atepec"],"jetpack_featured_media_url":"https:\/\/zonaroja.com.mx\/wp-content\/uploads\/2019\/06\/San-Juan-Atepec-L\u00f3pez-Obrador-3.jpg","jetpack_sharing_enabled":true,"_links":{"self":[{"href":"https:\/\/zonaroja.com.mx\/index.php?rest_route=\/wp\/v2\/posts\/1923","targetHints":{"allow":["GET"]}}],"collection":[{"href":"https:\/\/zonaroja.com.mx\/index.php?rest_route=\/wp\/v2\/posts"}],"about":[{"href":"https:\/\/zonaroja.com.mx\/index.php?rest_route=\/wp\/v2\/types\/post"}],"author":[{"embeddable":true,"href":"https:\/\/zonaroja.com.mx\/index.php?rest_route=\/wp\/v2\/users\/2"}],"replies":[{"embeddable":true,"href":"https:\/\/zonaroja.com.mx\/index.php?rest_route=%2Fwp%2Fv2%2Fcomments&post=1923"}],"version-history":[{"count":1,"href":"https:\/\/zonaroja.com.mx\/index.php?rest_route=\/wp\/v2\/posts\/1923\/revisions"}],"predecessor-version":[{"id":1929,"href":"https:\/\/zonaroja.com.mx\/index.php?rest_route=\/wp\/v2\/posts\/1923\/revisions\/1929"}],"wp:featuredmedia":[{"embeddable":true,"href":"https:\/\/zonaroja.com.mx\/index.php?rest_route=\/wp\/v2\/media\/1930"}],"wp:attachment":[{"href":"https:\/\/zonaroja.com.mx\/index.php?rest_route=%2Fwp%2Fv2%2Fmedia&parent=1923"}],"wp:term":[{"taxonomy":"category","embeddable":true,"href":"https:\/\/zonaroja.com.mx\/index.php?rest_route=%2Fwp%2Fv2%2Fcategories&post=1923"},{"taxonomy":"post_tag","embeddable":true,"href":"https:\/\/zonaroja.com.mx\/index.php?rest_route=%2Fwp%2Fv2%2Ftags&post=1923"}],"curies":[{"name":"wp","href":"https:\/\/api.w.org\/{rel}","templated":true}]}}