{"id":19231,"date":"2020-10-25T20:04:27","date_gmt":"2020-10-26T02:04:27","guid":{"rendered":"http:\/\/www.zonaroja.com.mx\/?p=19231"},"modified":"2020-10-25T20:05:33","modified_gmt":"2020-10-26T02:05:33","slug":"alarma-desaparicion-de-mujeres-este-fin-de-semana-en-mixteca-e-istmo","status":"publish","type":"post","link":"https:\/\/zonaroja.com.mx\/?p=19231","title":{"rendered":"Alarma desaparici\u00f3n de mujeres este fin de semana en Mixteca e Istmo"},"content":{"rendered":"\n<p>Ismael Garc\u00eda M.\/Zona<\/p>\n\n\n\n<p>Oaxaca de Ju\u00e1rez, Oax., 25 de octubre de 2020.- La desaparici\u00f3n de dos j\u00f3venes mujeres este fin de semana en Oaxaca hizo viral la exigencia de b\u00fasqueda, ante la tardanza de la Fiscal\u00eda General del Estado de Oaxaca para iniciar las diligencias correspondientes.<\/p>\n\n\n\n<p>Un caso es el de Ingrid Patricia P\u00e9rez Hern\u00e1ndez, de 16 a\u00f1os de edad, que fue vista por \u00faltima vez ayer 24 de octubre en la colonia Hidalgo Oriente de Salina Cruz, en la regi\u00f3n del Istmo.<\/p>\n\n\n\n<p>Como se\u00f1a particular, tiene una cicatriz de dos cent\u00edmetros aproximadamente en la parte baja del ment\u00f3n; vest\u00eda blusa color negro con estampado, pants color gris y tenis color blanco.<\/p>\n\n\n\n<p>Sus familiares, en particular su madre Alicia Hern\u00e1ndez, demandaron desde ayer la b\u00fasqueda pero fue hasta el mediod\u00eda en que la Unidad de B\u00fasqueda de Personas Desaparecidas y no Localizadas, de la Fiscal\u00eda, emiti\u00f3 la ficha correspondiente.<\/p>\n\n\n\n<p>En caso de informaci\u00f3n, los familiares piden comunicarse a los n\u00fameros telef\u00f3nicos 9711470757 y 9711577863.<\/p>\n\n\n\n<figure class=\"wp-block-embed-twitter wp-block-embed is-type-rich is-provider-twitter\"><div class=\"wp-block-embed__wrapper\">\n<div class=\"twitter-tweet\"><blockquote class=\"twitter-tweet\" data-lang=\"es\"><p lang=\"es\" dir=\"ltr\">AY\u00daDANOS A LOCALIZARLA. <a href=\"https:\/\/twitter.com\/FISCALIA_GobOax?ref_src=twsrc%5Etfw\">@FISCALIA_GobOax<\/a> <a href=\"https:\/\/twitter.com\/AEI_Oaxaca?ref_src=twsrc%5Etfw\">@AEI_Oaxaca<\/a> <a href=\"https:\/\/twitter.com\/Policia_GobOax?ref_src=twsrc%5Etfw\">@Policia_GobOax<\/a> <a href=\"https:\/\/twitter.com\/PolVial_GobOax?ref_src=twsrc%5Etfw\">@PolVial_GobOax<\/a> <a href=\"https:\/\/twitter.com\/GN_MEXICO_?ref_src=twsrc%5Etfw\">@GN_MEXICO_<\/a> <a href=\"https:\/\/twitter.com\/GN_Carreteras?ref_src=twsrc%5Etfw\">@GN_Carreteras<\/a> <a href=\"https:\/\/twitter.com\/089Oaxaca?ref_src=twsrc%5Etfw\">@089Oaxaca<\/a> <a href=\"https:\/\/twitter.com\/Oaxaca_9_1_1?ref_src=twsrc%5Etfw\">@Oaxaca_9_1_1<\/a> <a href=\"https:\/\/twitter.com\/DIF_Oaxaca?ref_src=twsrc%5Etfw\">@DIF_Oaxaca<\/a> <a href=\"https:\/\/twitter.com\/Bomberos_GobOax?ref_src=twsrc%5Etfw\">@Bomberos_GobOax<\/a> <a href=\"https:\/\/twitter.com\/CEJUM_GobOax?ref_src=twsrc%5Etfw\">@CEJUM_GobOax<\/a> <a href=\"https:\/\/twitter.com\/SMO_GobOax?ref_src=twsrc%5Etfw\">@SMO_GobOax<\/a> <a href=\"https:\/\/twitter.com\/GobDeSC?ref_src=twsrc%5Etfw\">@GobDeSC<\/a> <a href=\"https:\/\/t.co\/aPnmL74rsf\">pic.twitter.com\/aPnmL74rsf<\/a><\/p>&mdash; Unidad de B\u00fasqueda de Personas No Localizadas (@FGEO_DNOL) <a href=\"https:\/\/twitter.com\/FGEO_DNOL\/status\/1320457341863661569?ref_src=twsrc%5Etfw\">25 de octubre de 2020<\/a><\/blockquote><\/div>\n<\/div><\/figure>\n\n\n\n<p>Otro es el de Zayra Leticia Morales Loyola, de 29 a\u00f1os de edad, quien fue vista por \u00faltima vez el viernes 23 de octubre en Santa Mar\u00eda Xochixtlapilco, Huajuapan de Le\u00f3n.<\/p>\n\n\n\n<p>Sin embargo, la Unidad de B\u00fasqueda emiti\u00f3 la ficha hasta alrededor de las cuatro de la tarde de hoy.<\/p>\n\n\n\n<p>Ella vest\u00eda sudadera color blanca, pants color crema y tenis color blanco; como se\u00f1as particulares, tiene dos tatuajes, una de una v\u00edbora con una flor en la cara interna del antebrazo izquierdo. Otro un peque\u00f1o coraz\u00f3n en la cara interna del antebrazo derecho.<\/p>\n\n\n\n<p>\u201cEsto es inadmisible en un estado feminicida y con altos \u00edndices de ni\u00f1as y mujeres desaparecidas, solo en el mes de octubre han desaparecido 31.<\/p>\n\n\n\n<p>\u201cSi bien la mayor\u00eda ha sido localizada a\u00fan faltan por localizar a las dem\u00e1s. A la&nbsp; Fiscal\u00eda General del Estado de Oaxaca, al fiscal general Rub\u00e9n Vasconcelos M\u00e9ndez, le exigimos una pronta intervenci\u00f3n para la b\u00fasqueda y localizaci\u00f3n de las ni\u00f1as y mujeres desaparecidas en el mes de octubre en Oaxaca.<\/p>\n\n\n\n<p>\u201cA las diputadas y diputados que empiecen a exigir a la fiscal\u00eda acciones contundentes en procuraci\u00f3n de justicia para las ni\u00f1as y mujeres Oaxaque\u00f1as. Que se ejecuten los protocolos de b\u00fasqueda \u00c1mber y Alba ya que a las familias se les pide esperar 72 horas\u201d, denunci\u00f3 Feministas Oaxaca a trav\u00e9s de Facebook.<\/p>\n\n\n\n<figure class=\"wp-block-embed-twitter wp-block-embed is-type-rich is-provider-twitter\"><div class=\"wp-block-embed__wrapper\">\n<div class=\"twitter-tweet\"><blockquote class=\"twitter-tweet\" data-lang=\"es\"><p lang=\"es\" dir=\"ltr\">AY\u00daDANOS A LOCALIZARLA. <a href=\"https:\/\/twitter.com\/FISCALIA_GobOax?ref_src=twsrc%5Etfw\">@FISCALIA_GobOax<\/a> <a href=\"https:\/\/twitter.com\/FiscaliaMixteca?ref_src=twsrc%5Etfw\">@FiscaliaMixteca<\/a> <a href=\"https:\/\/twitter.com\/Policia_GobOax?ref_src=twsrc%5Etfw\">@Policia_GobOax<\/a> <a href=\"https:\/\/twitter.com\/PolVial_GobOax?ref_src=twsrc%5Etfw\">@PolVial_GobOax<\/a> <a href=\"https:\/\/twitter.com\/089Oaxaca?ref_src=twsrc%5Etfw\">@089Oaxaca<\/a> <a href=\"https:\/\/twitter.com\/Oaxaca_9_1_1?ref_src=twsrc%5Etfw\">@Oaxaca_9_1_1<\/a> <a href=\"https:\/\/twitter.com\/Bomberos_GobOax?ref_src=twsrc%5Etfw\">@Bomberos_GobOax<\/a> <a href=\"https:\/\/twitter.com\/CEJUM_GobOax?ref_src=twsrc%5Etfw\">@CEJUM_GobOax<\/a> <a href=\"https:\/\/twitter.com\/SMO_GobOax?ref_src=twsrc%5Etfw\">@SMO_GobOax<\/a> <a href=\"https:\/\/twitter.com\/cruzrojaoaxaca?ref_src=twsrc%5Etfw\">@cruzrojaoaxaca<\/a> <a href=\"https:\/\/twitter.com\/huajuapangob?ref_src=twsrc%5Etfw\">@huajuapangob<\/a> <a href=\"https:\/\/twitter.com\/hashtag\/SantaMar%C3%ADaXochixtlapilco?src=hash&amp;ref_src=twsrc%5Etfw\">#SantaMar\u00edaXochixtlapilco<\/a> <a href=\"https:\/\/t.co\/nllVMb8lqW\">pic.twitter.com\/nllVMb8lqW<\/a><\/p>&mdash; Unidad de B\u00fasqueda de Personas No Localizadas (@FGEO_DNOL) <a href=\"https:\/\/twitter.com\/FGEO_DNOL\/status\/1320498475772137472?ref_src=twsrc%5Etfw\">25 de octubre de 2020<\/a><\/blockquote><\/div>\n<\/div><\/figure>\n","protected":false},"excerpt":{"rendered":"<p>Ismael Garc\u00eda M.\/Zona Oaxaca de Ju\u00e1rez, Oax., 25 de octubre de 2020.- La desaparici\u00f3n de&hellip;<\/p>\n","protected":false},"author":2,"featured_media":19232,"comment_status":"closed","ping_status":"open","sticky":false,"template":"","format":"standard","meta":{"_lmt_disableupdate":"","_lmt_disable":"","_jetpack_memberships_contains_paid_content":false,"footnotes":""},"categories":[109,47],"tags":[455],"class_list":["post-19231","post","type-post","status-publish","format-standard","has-post-thumbnail","hentry","category-minuto-a-minuto","category-zona-gris","tag-mujeres-desaparecidas-oaxaca"],"jetpack_featured_media_url":"https:\/\/zonaroja.com.mx\/wp-content\/uploads\/2020\/10\/Desaparecidas-domingo.jpg","jetpack_sharing_enabled":true,"_links":{"self":[{"href":"https:\/\/zonaroja.com.mx\/index.php?rest_route=\/wp\/v2\/posts\/19231","targetHints":{"allow":["GET"]}}],"collection":[{"href":"https:\/\/zonaroja.com.mx\/index.php?rest_route=\/wp\/v2\/posts"}],"about":[{"href":"https:\/\/zonaroja.com.mx\/index.php?rest_route=\/wp\/v2\/types\/post"}],"author":[{"embeddable":true,"href":"https:\/\/zonaroja.com.mx\/index.php?rest_route=\/wp\/v2\/users\/2"}],"replies":[{"embeddable":true,"href":"https:\/\/zonaroja.com.mx\/index.php?rest_route=%2Fwp%2Fv2%2Fcomments&post=19231"}],"version-history":[{"count":2,"href":"https:\/\/zonaroja.com.mx\/index.php?rest_route=\/wp\/v2\/posts\/19231\/revisions"}],"predecessor-version":[{"id":19234,"href":"https:\/\/zonaroja.com.mx\/index.php?rest_route=\/wp\/v2\/posts\/19231\/revisions\/19234"}],"wp:featuredmedia":[{"embeddable":true,"href":"https:\/\/zonaroja.com.mx\/index.php?rest_route=\/wp\/v2\/media\/19232"}],"wp:attachment":[{"href":"https:\/\/zonaroja.com.mx\/index.php?rest_route=%2Fwp%2Fv2%2Fmedia&parent=19231"}],"wp:term":[{"taxonomy":"category","embeddable":true,"href":"https:\/\/zonaroja.com.mx\/index.php?rest_route=%2Fwp%2Fv2%2Fcategories&post=19231"},{"taxonomy":"post_tag","embeddable":true,"href":"https:\/\/zonaroja.com.mx\/index.php?rest_route=%2Fwp%2Fv2%2Ftags&post=19231"}],"curies":[{"name":"wp","href":"https:\/\/api.w.org\/{rel}","templated":true}]}}