{"id":19237,"date":"2020-10-25T21:56:26","date_gmt":"2020-10-26T03:56:26","guid":{"rendered":"http:\/\/www.zonaroja.com.mx\/?p=19237"},"modified":"2020-10-26T07:27:47","modified_gmt":"2020-10-26T13:27:47","slug":"con-41-muertes-y-736-casos-de-covid-en-la-ultima-semana-vuelve-oaxaca-al-amarillo","status":"publish","type":"post","link":"https:\/\/zonaroja.com.mx\/?p=19237","title":{"rendered":"Con 41 muertes y 736 casos de Covid en la \u00faltima semana, vuelve Oaxaca al amarillo"},"content":{"rendered":"\n<p>Redacci\u00f3n\/Zona Roja.<\/p>\n\n\n\n<p>Oaxaca de Ju\u00e1rez, Oax., 25 de octubre de 2020.- Con 41 fallecimientos y 736 casos positivos a Covid &#8211;un promedio de 106 diarios&#8211; cerr\u00f3 Oaxaca la semana en sem\u00e1foro epidemiol\u00f3gico naranja, para cambiar al amarillo a partir de ma\u00f1ana.<\/p>\n\n\n\n<p>Sin embargo, a pesar de la cifra alta de contagios, la Secretar\u00eda de Salud federal decret\u00f3 el viernes que esta entidad regrese este lunes al color del sem\u00e1foro que significa riesgo moderado de contagios.<\/p>\n\n\n\n<p>Y en ese contexto, la noche de hoy el gobernador Alejandro Murat acept\u00f3 que la regi\u00f3n Valles Centrales, pero particularmente la ciudad de Oaxaca, mantiene un registro de un gran n\u00famero de casos positivos.<\/p>\n\n\n\n<p>Pero \u00fanicamente expuso que a partir de esta fecha es obligatorio el uso del cubreboca en todo el estado, sin detallar si habr\u00e1 o no sanciones para quienes no cumplan con esta medida.<\/p>\n\n\n\n<p>En tanto, en un comunicado, la dependencia estatal inform\u00f3 que al corte epidemiol\u00f3gico de este domingo 25 de octubre, se han registrado 73 contagios nuevos de Covid-19, sumando 20 mil 567 casos acumulados en toda la entidad.<\/p>\n\n\n\n<p>Mencion\u00f3 que se han notificado 32 mil 776 casos, de los cuales ocho mil 923 han sido negativos, tres mil 286 son sospechosos, 18 mil 283 se han recuperado, y lamentablemente se registr\u00f3 un deceso; sumando mil 612 muertes de manera acumulada.<\/p>\n\n\n\n<p>Refiri\u00f3 que la Jurisdicci\u00f3n Sanitaria n\u00famero uno Valles Centrales contabiliza 13 mil 726 casos confirmados y 802 defunciones, Istmo mil 998 y 294 decesos, Tuxtepec mil 821 y 248 fallecimientos, Mixteca mil 460 y 124 muertes, Costa mil 030 y 90 p\u00e9rdidas, y la Sierra 532 y 54 defunciones.<\/p>\n\n\n\n<figure class=\"wp-block-embed-twitter wp-block-embed is-type-rich is-provider-twitter\"><div class=\"wp-block-embed__wrapper\">\n<div class=\"twitter-tweet\"><blockquote class=\"twitter-tweet\" data-lang=\"es\"><p lang=\"es\" dir=\"ltr\">Para avanzar en el sem\u00e1foro de riesgo por <a href=\"https:\/\/twitter.com\/hashtag\/COVID19?src=hash&amp;ref_src=twsrc%5Etfw\">#COVID19<\/a>, debemos mantener las medidas de prevenci\u00f3n como el uso de <a href=\"https:\/\/twitter.com\/hashtag\/Cubrebocas?src=hash&amp;ref_src=twsrc%5Etfw\">#Cubrebocas<\/a>, el lavado frecuente de manos y en la medida de lo posible, evitar salir de casa.<br><br>Por ti y por todos, cu\u00eddate. <a href=\"https:\/\/t.co\/0u5jvUTOKt\">pic.twitter.com\/0u5jvUTOKt<\/a><\/p>&mdash; Servicios de Salud (@SSO_GobOax) <a href=\"https:\/\/twitter.com\/SSO_GobOax\/status\/1320557182790684672?ref_src=twsrc%5Etfw\">26 de octubre de 2020<\/a><\/blockquote><\/div>\n<\/div><\/figure>\n\n\n\n<p>En relaci\u00f3n a los 73 contagios nuevos, \u00e9stos se distribuyen en 30 municipios, siendo los que el mayor n\u00famero de casos presenta: Oaxaca de Ju\u00e1rez con 15, Santa Luc\u00eda del Camino y Huajuapan de Le\u00f3n, siete cada uno; Miahuatl\u00e1n de Porfirio D\u00edaz, seis; Villa de Zaachila, Cuil\u00e1pam de Guerrero y Santa Mar\u00eda del Tule, tres cada uno; el resto dos y un caso.<\/p>\n\n\n\n<p>El titular de los SSO, Donato Casas Escamilla, dijo que hay 619 casos activos, de los cuales la Jurisdicci\u00f3n Sanitaria n\u00famero uno Valles Centrales contabiliza 483, Mixteca 59, Costa 36, Sierra 23 e Istmo 18.<\/p>\n\n\n\n<p>En relaci\u00f3n a la ocupaci\u00f3n hospitalaria para pacientes con COVID-19, hay un porcentaje global de las unidades m\u00e9dicas del sector del 33.1%; sin ventilador 41.1%&nbsp; y con ventilador 18.6 %.<\/p>\n\n\n\n<p>Expuso que existen cinco centros de valoraci\u00f3n de primer contacto para pacientes con s\u00edntomas respiratorios en la zona conurbada, entre ellos el hospital de zona 1 del IMSS, hospital Presidente Ju\u00e1rez del ISSSTE, de Ixcotel Sedena, hospital general Doctor Aurelio Valdivieso y el Centro de Salud Urbano n\u00famero 1.<\/p>\n\n\n\n<p>Finalmente, el funcionario exhort\u00f3 a la ciudadan\u00eda para que cuide su salud y la de los dem\u00e1s, \u201cCuid\u00e1ndote t\u00fa, nos cuidas a todas y a todos. S\u00e9 responsable, elige la vida\u201d, a\u00f1adi\u00f3 que al salir a la calle se debe usar el cubrebocas de manera correcta, que cubra nariz y boca y sobre todo evitar usar los que tienen v\u00e1lvula, as\u00ed como aplicar la sana distancia, lavado de manos con agua y jab\u00f3n, \u201cya que la pandemia sigue activa\u201d.<\/p>\n","protected":false},"excerpt":{"rendered":"<p>Redacci\u00f3n\/Zona Roja. Oaxaca de Ju\u00e1rez, Oax., 25 de octubre de 2020.- Con 41 fallecimientos y&hellip;<\/p>\n","protected":false},"author":2,"featured_media":19238,"comment_status":"closed","ping_status":"open","sticky":false,"template":"","format":"standard","meta":{"_lmt_disableupdate":"","_lmt_disable":"","_jetpack_memberships_contains_paid_content":false,"footnotes":""},"categories":[109,47],"tags":[1512],"class_list":["post-19237","post","type-post","status-publish","format-standard","has-post-thumbnail","hentry","category-minuto-a-minuto","category-zona-gris","tag-coronavirus-oaxaca"],"jetpack_featured_media_url":"https:\/\/zonaroja.com.mx\/wp-content\/uploads\/2020\/10\/SSO-1-4-1.jpeg","jetpack_sharing_enabled":true,"_links":{"self":[{"href":"https:\/\/zonaroja.com.mx\/index.php?rest_route=\/wp\/v2\/posts\/19237","targetHints":{"allow":["GET"]}}],"collection":[{"href":"https:\/\/zonaroja.com.mx\/index.php?rest_route=\/wp\/v2\/posts"}],"about":[{"href":"https:\/\/zonaroja.com.mx\/index.php?rest_route=\/wp\/v2\/types\/post"}],"author":[{"embeddable":true,"href":"https:\/\/zonaroja.com.mx\/index.php?rest_route=\/wp\/v2\/users\/2"}],"replies":[{"embeddable":true,"href":"https:\/\/zonaroja.com.mx\/index.php?rest_route=%2Fwp%2Fv2%2Fcomments&post=19237"}],"version-history":[{"count":2,"href":"https:\/\/zonaroja.com.mx\/index.php?rest_route=\/wp\/v2\/posts\/19237\/revisions"}],"predecessor-version":[{"id":19241,"href":"https:\/\/zonaroja.com.mx\/index.php?rest_route=\/wp\/v2\/posts\/19237\/revisions\/19241"}],"wp:featuredmedia":[{"embeddable":true,"href":"https:\/\/zonaroja.com.mx\/index.php?rest_route=\/wp\/v2\/media\/19238"}],"wp:attachment":[{"href":"https:\/\/zonaroja.com.mx\/index.php?rest_route=%2Fwp%2Fv2%2Fmedia&parent=19237"}],"wp:term":[{"taxonomy":"category","embeddable":true,"href":"https:\/\/zonaroja.com.mx\/index.php?rest_route=%2Fwp%2Fv2%2Fcategories&post=19237"},{"taxonomy":"post_tag","embeddable":true,"href":"https:\/\/zonaroja.com.mx\/index.php?rest_route=%2Fwp%2Fv2%2Ftags&post=19237"}],"curies":[{"name":"wp","href":"https:\/\/api.w.org\/{rel}","templated":true}]}}