{"id":19245,"date":"2020-10-26T08:08:49","date_gmt":"2020-10-26T14:08:49","guid":{"rendered":"http:\/\/www.zonaroja.com.mx\/?p=19245"},"modified":"2020-10-26T08:08:55","modified_gmt":"2020-10-26T14:08:55","slug":"y-alejandro-murat-da-el-banderazo-de-la-sucesion-pero-aplaca-su-padre","status":"publish","type":"post","link":"https:\/\/zonaroja.com.mx\/?p=19245","title":{"rendered":"Y Alejandro Murat da el banderazo de la sucesi\u00f3n\u2026 pero aplaca su padre"},"content":{"rendered":"\n<p>Ismael Garc\u00eda M.\/Zona Roja.<\/p>\n\n\n\n<p>Oaxaca de Ju\u00e1rez, Oax., 26 de octubre de 2020.- Dos a\u00f1os, dos meses y 10 d\u00edas antes, Alejandro Murat Hinojosa dio por concluido su sexenio con el banderazo a la guerra por su sucesi\u00f3n.<\/p>\n\n\n\n<p>Pero m\u00e1s tard\u00f3 en abrir la puerta a los aspirantes, que su padre Jos\u00e9 Murat, a trav\u00e9s de sus afines, en aquietar las aguas y atacar a los aspirantes, uno de ellos el impresentable Alejandro Avil\u00e9s \u00c1lvarez, hoy diputado local.<\/p>\n\n\n\n<p>Fue el pasado lunes 19 en que pol\u00edticos de la regi\u00f3n Cuenca &#8211;por cierto, todos de oriundos de la zona y afines a Avil\u00e9s&#8211; festinaron los triunfos priistas en Hidalgo y Coahuila.<\/p>\n\n\n\n<p>Y al calor de la euforia, en un acto p\u00fablico se atrevieron a destapar para la gubernatura al ex secretario General de Gobierno y dos veces diputado local, siempre fiel a Ulises Ruiz Ortiz, aunque a Jos\u00e9 y a Alejandro Murat le jure lealtad plena.<\/p>\n\n\n\n<p>Sin embargo, en el PRI y los priistas hay intereses, no lealtades, y ah\u00ed est\u00e1n los casos de Antonio Amaro Cancino, titular de Protecci\u00f3n Civil; Jorge Ilescas Delgado, coordinador de Giras, y Gabriel Cu\u00e9 Navarro, secretario de Agricultura, que en d\u00eda laborable acudieron a un acto pol\u00edtico y participaron en el destape.<\/p>\n\n\n\n<p>La excepci\u00f3n, el coste\u00f1o Eduardo Rojas Zavaleta, actual presidente del PRI, que se inclin\u00f3 muy temprano por Avil\u00e9s, pero que fue recriminado y vapuleado por el tutor de Alejandro, a trav\u00e9s de redes sociales y con sus escribanos.<\/p>\n\n\n\n<p>(Por cierto, Amairani Morales, secretaria General del PRI, es esposa de Jorge Ilescas Delgado, quien desde hace mucho hace campa\u00f1a pol\u00edtica en la Cuenca porque quiere ser diputado).<\/p>\n\n\n\n<p>Al d\u00eda siguiente, martes 20 de octubre, el gobernador Alejandro Murat acudi\u00f3 a Soyaltepec y a Acatl\u00e1n de P\u00e9rez Figueroa; al t\u00e9rmino, fue entrevistado y \u201ccasualmente\u201d sali\u00f3 la pregunta:<\/p>\n\n\n\n<p>&#8211;Vemos que viene gente importante como usted, como Alejandro Avil\u00e9s que es una de las personas muy conocidas en esta regi\u00f3n.<\/p>\n\n\n\n<p>&#8211;S\u00ed, es un buen amigo, ya se apunt\u00f3; vamos a ver cu\u00e1ntos m\u00e1s se apuntan, a ver qui\u00e9n tiene espolones pa\u2019 gallo. Estamos haciendo buen gobierno as\u00ed que le deseo \u00e9xito a los priistas para que decidan, es el partido del que formo parte y bueno, pues hay que empezar a hacer el chacaleo; yo seguir\u00e9 haciendo gobierno y seguir\u00e9 trabajando para que la ciudadan\u00eda tome las determinaciones que considere.<\/p>\n\n\n\n<p>&#8211;Qu\u00e9 opina de los triunfos del PRI all\u00e1 en la zona norte (del pa\u00eds).<\/p>\n\n\n\n<p>&#8211;Bueno, pues es un mensaje importante, de reflexi\u00f3n, eso es lo que significa la fiesta democr\u00e1tica, hay que verla en ese contexto; siempre es una oportunidad para que la gente eval\u00fae\u2026<\/p>\n\n\n\n<p>Y as\u00ed fue como Alejandro Murat se contagi\u00f3 de la euforia electoral y dio paso a los priistas para que le sucedan, en el 2024. Pero de inmediato, surgi\u00f3 el reproche, desde la Ciudad de M\u00e9xico.<\/p>\n\n\n\n<p>\u00a1Que renuncie!, fue la consigna que deb\u00edan difundir quienes apenas una semana antes torpedearon al rector Eduardo Bautista y sus antecesores, en la necedad de imponer a otro impresentable, Gilberto Gamboa Medina, como aspirante a dirigir la Universidad.<\/p>\n\n\n\n<p>Pr\u00e1cticamente toda la semana fueron torpedeados Rojas Zavaleta y Avil\u00e9s, en menor medida los otros funcionarios que acudieron al acto proselitista. Le toc\u00f3 tambi\u00e9n a otro impopular pol\u00edtico, el diputado Gustavo D\u00edaz S\u00e1nchez y hasta se atrevieron a se\u00f1alar que los citados formaban parte de un \u201cc\u00e1rtel\u201d\u2026 pol\u00edtico, claro.<\/p>\n\n\n\n<p>Pusieron hasta al gris senador del Partido Verde, Ra\u00fal Bola\u00f1os Cacho Cu\u00e9, a declarar a un medio de comunicaci\u00f3n y decir aqu\u00ed estoy, aunque con el galimat\u00edas \u201cni me tapo ni me destapo\u201d, para cuadrar la orden de que todos deben seguir fieles al a\u00fan gobernador.<\/p>\n\n\n\n<p>No es novedad que Alejandro Avil\u00e9s mueve muchos hilos en la pol\u00edtica local y priista, siempre a su favor. S\u00ed es novedad que no lo hace en el Congreso, donde maniobra cuando quiere, como quiere y deja pasar todos, todos, los golpes al gobierno de Murat, en la tribuna cameral, sin mover un dedo ni mucho menos alentar a los otros cinco legisladores a defender al mandatario.<\/p>\n\n\n\n<p>S\u00ed en cambio, acapara cada d\u00eda m\u00e1s espacios en el gabinete legal y ampliado; por cierto, Francisco Garc\u00eda L\u00f3pez es pieza de Avil\u00e9s, quien despu\u00e9s de torpedear de m\u00faltiples modos logr\u00f3 que quitaran a H\u00e9ctor Anuar Mafud en la Secretar\u00eda General de Gobierno, para seguir conformando sus cuadros<\/p>\n\n\n\n<p>Adem\u00e1s de los ya citados, est\u00e1n Jorge Toledo Luis, otro ulisista que da todo por Avil\u00e9s. Insuflado, Alejandro Avil\u00e9s hizo de inmediato una genuflexi\u00f3n ante quien gobierna desde la Ciudad de M\u00e9xico, pero a espaldas sigue preparando su estrategia de sucesi\u00f3n, con el apoyo del aparato de gobierno.<\/p>\n\n\n\n<p>Los priistas est\u00e1n en guerra ya, por el reemplazo del gobernador. Pero lo que no saben &#8211;o se hacen&#8211; es que Alejandro y su padre ya negociaron desde hace mucho entregar la plaza a Andr\u00e9s Manuel L\u00f3pez Obrador y contender\u00e1 un morenista, af\u00edn a los Murat, mientras que \u00e9stos seguir\u00e1n disfrutando de las glorias familiares del poder, con otros cargos, incluyendo para Ivette Mor\u00e1n.<\/p>\n","protected":false},"excerpt":{"rendered":"<p>Ismael Garc\u00eda M.\/Zona Roja. Oaxaca de Ju\u00e1rez, Oax., 26 de octubre de 2020.- Dos a\u00f1os,&hellip;<\/p>\n","protected":false},"author":2,"featured_media":7610,"comment_status":"closed","ping_status":"open","sticky":false,"template":"","format":"standard","meta":{"_lmt_disableupdate":"","_lmt_disable":"","_jetpack_memberships_contains_paid_content":false,"footnotes":""},"categories":[456,109,48,47],"tags":[1353],"class_list":["post-19245","post","type-post","status-publish","format-standard","has-post-thumbnail","hentry","category-columna","category-minuto-a-minuto","category-zona-critica","category-zona-gris","tag-opinion-zona-critica"],"jetpack_featured_media_url":"https:\/\/zonaroja.com.mx\/wp-content\/uploads\/2020\/01\/Opini\u00f3n-Zona-Cr\u00edtica.jpg","jetpack_sharing_enabled":true,"_links":{"self":[{"href":"https:\/\/zonaroja.com.mx\/index.php?rest_route=\/wp\/v2\/posts\/19245","targetHints":{"allow":["GET"]}}],"collection":[{"href":"https:\/\/zonaroja.com.mx\/index.php?rest_route=\/wp\/v2\/posts"}],"about":[{"href":"https:\/\/zonaroja.com.mx\/index.php?rest_route=\/wp\/v2\/types\/post"}],"author":[{"embeddable":true,"href":"https:\/\/zonaroja.com.mx\/index.php?rest_route=\/wp\/v2\/users\/2"}],"replies":[{"embeddable":true,"href":"https:\/\/zonaroja.com.mx\/index.php?rest_route=%2Fwp%2Fv2%2Fcomments&post=19245"}],"version-history":[{"count":1,"href":"https:\/\/zonaroja.com.mx\/index.php?rest_route=\/wp\/v2\/posts\/19245\/revisions"}],"predecessor-version":[{"id":19246,"href":"https:\/\/zonaroja.com.mx\/index.php?rest_route=\/wp\/v2\/posts\/19245\/revisions\/19246"}],"wp:featuredmedia":[{"embeddable":true,"href":"https:\/\/zonaroja.com.mx\/index.php?rest_route=\/wp\/v2\/media\/7610"}],"wp:attachment":[{"href":"https:\/\/zonaroja.com.mx\/index.php?rest_route=%2Fwp%2Fv2%2Fmedia&parent=19245"}],"wp:term":[{"taxonomy":"category","embeddable":true,"href":"https:\/\/zonaroja.com.mx\/index.php?rest_route=%2Fwp%2Fv2%2Fcategories&post=19245"},{"taxonomy":"post_tag","embeddable":true,"href":"https:\/\/zonaroja.com.mx\/index.php?rest_route=%2Fwp%2Fv2%2Ftags&post=19245"}],"curies":[{"name":"wp","href":"https:\/\/api.w.org\/{rel}","templated":true}]}}