{"id":19247,"date":"2020-10-26T10:28:00","date_gmt":"2020-10-26T16:28:00","guid":{"rendered":"http:\/\/www.zonaroja.com.mx\/?p=19247"},"modified":"2020-10-26T10:36:47","modified_gmt":"2020-10-26T16:36:47","slug":"vacian-reclusorio-de-ixcotel-sacan-a-906-reos-protestan-familiares","status":"publish","type":"post","link":"https:\/\/zonaroja.com.mx\/?p=19247","title":{"rendered":"Vac\u00edan reclusorio de Ixcotel: sacan a 906 reos; protestan familiares"},"content":{"rendered":"\n<p>Ismael Garc\u00eda M.\/Zona Roja.<\/p>\n\n\n\n<p>Oaxaca de Ju\u00e1rez, Oax., 26 de octubre de 2020.- La Secretar\u00eda de Seguridad P\u00fablica de Oaxaca (SSPO) confirm\u00f3 que vaci\u00f3 el Centro de Reinserci\u00f3n Social de Santa Mar\u00eda Ixcotel, Santa Luc\u00eda del Camino, y traslad\u00f3 a los presos a penales de Tlacolula de Matamoros, Villa de Etla y Miahuatl\u00e1n de Porfirio D\u00edaz.<\/p>\n\n\n\n<p>El operativo inici\u00f3 a la media noche de ayer y concluy\u00f3 la madrugada de este lunes; fueron trasladadas 906 personas privadas de libertad; 806 al centro penitenciario ubicado en San Francisco Tanivet, Tlacolula; 50 al estatal de Miahuatl\u00e1n y 50 al de Etla.<\/p>\n\n\n\n<p>En un comunicado, la SSPO detall\u00f3 el operativo se realiz\u00f3 a trav\u00e9s de la Subsecretar\u00eda de Prevenci\u00f3n y Reinserci\u00f3n Social, y en coordinaci\u00f3n con la Secretar\u00eda de la Defensa Nacional (Sedena) y la Guardia Nacional (GN), tras lo cual se procede al cierre definitivo del centro penitenciario de Ixcotel, conurbado a la capital.<\/p>\n\n\n\n<figure class=\"wp-block-embed-twitter wp-block-embed is-type-rich is-provider-twitter\"><div class=\"wp-block-embed__wrapper\">\n<div class=\"twitter-tweet\"><blockquote class=\"twitter-tweet\" data-lang=\"es\"><p lang=\"es\" dir=\"ltr\"><a href=\"https:\/\/twitter.com\/hashtag\/%C3%9AltimaHora?src=hash&amp;ref_src=twsrc%5Etfw\">#\u00daltimaHora<\/a><br>La madrugada de hoy se efectu\u00f3 un impresionante operativo por parte de la <a href=\"https:\/\/twitter.com\/SSP_GobOax?ref_src=twsrc%5Etfw\">@SSP_GobOax<\/a> y la <a href=\"https:\/\/twitter.com\/GN_MEXICO_?ref_src=twsrc%5Etfw\">@GN_MEXICO_<\/a>, para presunto el traslado de reos del penal de Santa Mar\u00eda Ixcotel a Tanivet, Tlacolula; confirma el reportero <a href=\"https:\/\/twitter.com\/pmejiaoax?ref_src=twsrc%5Etfw\">@pmejiaoax<\/a> que polic\u00edas le impidieron cobertura. <a href=\"https:\/\/t.co\/WmFkQpHVDa\">pic.twitter.com\/WmFkQpHVDa<\/a><\/p>&mdash; Zona Roja Oaxaca (@MexRoja) <a href=\"https:\/\/twitter.com\/MexRoja\/status\/1320703814622683136?ref_src=twsrc%5Etfw\">26 de octubre de 2020<\/a><\/blockquote><\/div>\n<\/div><\/figure>\n\n\n\n<p>\u201cLo anterior, en atenci\u00f3n a los dict\u00e1menes de protecci\u00f3n civil, derivados de los da\u00f1os estructurales que el inmueble ubicado en Santa Mar\u00eda Ixcotel presenta, y con el objetivo de garantizar las condiciones de seguridad y salubridad necesarias; as\u00ed como, para lograr una efectiva reinserci\u00f3n social\u201d, expuso.<\/p>\n\n\n\n<p>A\u00f1adi\u00f3 que el traslado fue realizado en apego al procedimiento penal, en estricto respeto a los derechos humanos y sin incidencia alguna, en un ambiente de orden y paz.<\/p>\n\n\n\n<p>Tras ello, desde la ma\u00f1ana de hoy cientos de personas, principalmente mujeres y ni\u00f1os, se arremolina en el acceso al reclusorio, para exigir explicaciones.<\/p>\n\n\n\n<p>Personal de la Secretar\u00eda de Seguridad P\u00fablica atiende las quejas y orienta a quienes acuden a pedir informes sobre los traslados.<\/p>\n\n\n\n<figure class=\"wp-block-embed-twitter wp-block-embed is-type-rich is-provider-twitter\"><div class=\"wp-block-embed__wrapper\">\n<div class=\"twitter-tweet\"><blockquote class=\"twitter-tweet\" data-lang=\"es\"><p lang=\"es\" dir=\"ltr\"><a href=\"https:\/\/twitter.com\/hashtag\/%C3%9AltimoMinuto?src=hash&amp;ref_src=twsrc%5Etfw\">#\u00daltimoMinuto<\/a> <br>Confirma la <a href=\"https:\/\/twitter.com\/SSP_GobOax?ref_src=twsrc%5Etfw\">@SSP_GobOax<\/a> traslado de reos de la penitenciar\u00eda de Santa Mar\u00eda Ixcotel hacia otros reclusorios. <br>En tanto,esta ma\u00f1ana familiares de las personas privadas de su libertad inician protesta para exigir explicaciones; personal de la dependencia los atiende. <a href=\"https:\/\/t.co\/xImEJw5a3m\">pic.twitter.com\/xImEJw5a3m<\/a><\/p>&mdash; Zona Roja Oaxaca (@MexRoja) <a href=\"https:\/\/twitter.com\/MexRoja\/status\/1320754643597742083?ref_src=twsrc%5Etfw\">26 de octubre de 2020<\/a><\/blockquote><\/div>\n<\/div><\/figure>\n","protected":false},"excerpt":{"rendered":"<p>Ismael Garc\u00eda M.\/Zona Roja. Oaxaca de Ju\u00e1rez, Oax., 26 de octubre de 2020.- La Secretar\u00eda&hellip;<\/p>\n","protected":false},"author":2,"featured_media":19250,"comment_status":"closed","ping_status":"open","sticky":false,"template":"","format":"standard","meta":{"_lmt_disableupdate":"","_lmt_disable":"","_jetpack_memberships_contains_paid_content":false,"footnotes":""},"categories":[109,47],"tags":[1733],"class_list":["post-19247","post","type-post","status-publish","format-standard","has-post-thumbnail","hentry","category-minuto-a-minuto","category-zona-gris","tag-centro-de-reinsercion-social-santa-maria-ixcotel"],"jetpack_featured_media_url":"https:\/\/zonaroja.com.mx\/wp-content\/uploads\/2020\/10\/SSPO-02.jpg","jetpack_sharing_enabled":true,"_links":{"self":[{"href":"https:\/\/zonaroja.com.mx\/index.php?rest_route=\/wp\/v2\/posts\/19247","targetHints":{"allow":["GET"]}}],"collection":[{"href":"https:\/\/zonaroja.com.mx\/index.php?rest_route=\/wp\/v2\/posts"}],"about":[{"href":"https:\/\/zonaroja.com.mx\/index.php?rest_route=\/wp\/v2\/types\/post"}],"author":[{"embeddable":true,"href":"https:\/\/zonaroja.com.mx\/index.php?rest_route=\/wp\/v2\/users\/2"}],"replies":[{"embeddable":true,"href":"https:\/\/zonaroja.com.mx\/index.php?rest_route=%2Fwp%2Fv2%2Fcomments&post=19247"}],"version-history":[{"count":1,"href":"https:\/\/zonaroja.com.mx\/index.php?rest_route=\/wp\/v2\/posts\/19247\/revisions"}],"predecessor-version":[{"id":19248,"href":"https:\/\/zonaroja.com.mx\/index.php?rest_route=\/wp\/v2\/posts\/19247\/revisions\/19248"}],"wp:featuredmedia":[{"embeddable":true,"href":"https:\/\/zonaroja.com.mx\/index.php?rest_route=\/wp\/v2\/media\/19250"}],"wp:attachment":[{"href":"https:\/\/zonaroja.com.mx\/index.php?rest_route=%2Fwp%2Fv2%2Fmedia&parent=19247"}],"wp:term":[{"taxonomy":"category","embeddable":true,"href":"https:\/\/zonaroja.com.mx\/index.php?rest_route=%2Fwp%2Fv2%2Fcategories&post=19247"},{"taxonomy":"post_tag","embeddable":true,"href":"https:\/\/zonaroja.com.mx\/index.php?rest_route=%2Fwp%2Fv2%2Ftags&post=19247"}],"curies":[{"name":"wp","href":"https:\/\/api.w.org\/{rel}","templated":true}]}}