{"id":19256,"date":"2020-10-26T13:08:43","date_gmt":"2020-10-26T19:08:43","guid":{"rendered":"http:\/\/www.zonaroja.com.mx\/?p=19256"},"modified":"2020-10-26T13:08:48","modified_gmt":"2020-10-26T19:08:48","slug":"frentes-estudiantiles-dan-la-espalda-a-el-sonrics-en-toma-de-la-uabjo","status":"publish","type":"post","link":"https:\/\/zonaroja.com.mx\/?p=19256","title":{"rendered":"Frentes estudiantiles dan la espalda a \u201cEl Sonrics\u201d en toma de la UABJO"},"content":{"rendered":"\n<p>Yuridiana Sosa\/Zona Roja.<\/p>\n\n\n\n<p>Oaxaca de Ju\u00e1rez, Oax., 26 de octubre de 2020.- Integrantes de diversos frentes estudiantiles desistieron de continuar con la \u201ctoma\u201d de un edificio de la Universidad Aut\u00f3noma \u201cBenito Ju\u00e1rez\u201d de Oaxaca (UABJO) y retiraron su apoyo al Frente de Organizaciones Estudiantiles Universitaria que dirige Francisco Vel\u00e1squez Rodr\u00edguez.<\/p>\n\n\n\n<p>Los estudiantes desconocieron a esta persona &#8211;presunto \u201cporro\u201d conocido como \u201cEl Sonrics\u201d&#8211; como su l\u00edder al abandonar el movimiento, del cual tambi\u00e9n se deslindan de cualquier negociaci\u00f3n que realiza o de cualquier tipo de responsabilidad que se le pueda adjudicar a dicho Frente en materia civil o penal.<\/p>\n\n\n\n<p>\u201cDesconocemos qu\u00e9 otros acuerdos se est\u00e1n llevando a cabo y a partir de este momento desconocemos a Francisco Vel\u00e1squez Rodr\u00edguez, y de igual manera nos deslindamos del Frente de Organizaciones Estudiantiles Universitarias de la UABJO que \u00e9l representa\u201d.<\/p>\n\n\n\n<p>As\u00ed lo dieron a conocer los j\u00f3venes en conferencia de prensa la ma\u00f1ana de este lunes, al cumplirse 36 d\u00edas de iniciada la lucha y en la que se \u201ctom\u00f3\u201d el edificio de la Direcci\u00f3n de Redes, de Ciudad Universitaria.<\/p>\n\n\n\n<figure class=\"wp-block-embed-twitter wp-block-embed is-type-rich is-provider-twitter\"><div class=\"wp-block-embed__wrapper\">\n<div class=\"twitter-tweet\"><blockquote class=\"twitter-tweet\" data-lang=\"es\"><p lang=\"es\" dir=\"ltr\"><a href=\"https:\/\/twitter.com\/hashtag\/%C3%9AltimoMinuto?src=hash&amp;ref_src=twsrc%5Etfw\">#\u00daltimoMinuto<\/a> <br>Se retiran presuntos estudiantes que ten\u00edan en su poder un inmueble de la <a href=\"https:\/\/twitter.com\/UABJO?ref_src=twsrc%5Etfw\">@UABJO<\/a> en Ciudad Universitaria. <br>Desconocen al \u201cporro\u201d Francisco Vel\u00e1squez, \u201cEl Sonrics\u201d, y lo acusan de tener otros intereses extra universitarios. <a href=\"https:\/\/t.co\/lKZTRNTgnh\">pic.twitter.com\/lKZTRNTgnh<\/a><\/p>&mdash; Zona Roja Oaxaca (@MexRoja) <a href=\"https:\/\/twitter.com\/MexRoja\/status\/1320757463264694272?ref_src=twsrc%5Etfw\">26 de octubre de 2020<\/a><\/blockquote><\/div>\n<\/div><\/figure>\n\n\n\n<p>Miembros de la Asociaci\u00f3n Democr\u00e1tica Estudiantil y Social, Frente Estudiantil Oaxaque\u00f1o y Social, Organizaci\u00f3n Estudiantil Universitaria, Frente Revolucionario de Cinco Se\u00f1ores y la Uni\u00f3n de Redes Juveniles Estudiantiles, se\u00f1alaron que \u201cya no consideran prudente continuar con la manifestaci\u00f3n\u201d.<\/p>\n\n\n\n<p>Arturo Cruz, presidente de la ADES-UABJO, indic\u00f3 que uno de los objetivos por los que el movimiento inici\u00f3 hace m\u00e1s de un mes fue lograr el ingreso de j\u00f3venes que quedaron fuera de la instituci\u00f3n, sin embargo, por el avance del semestre iniciado eso ya no es posible.<\/p>\n\n\n\n<p>\u201cEn el transcurso de los d\u00edas se han perdido los motivos\u201d, asever\u00f3 el dirigente estudiantil, quien defendi\u00f3 que la intenci\u00f3n de esta fracci\u00f3n de organizaciones \u201cnunca ha sido da\u00f1ar la vida estudiantil\u201d.<\/p>\n\n\n\n<p>Apuntaron que desde la conformaci\u00f3n de una nueva organizaci\u00f3n de estudiantes universitarios, continuar\u00e1n en otro momento la exigencia de la reducci\u00f3n de cuotas en la instituci\u00f3n.<\/p>\n\n\n\n<p>Francisco Vel\u00e1squez Rodr\u00edguez es conocido como el principal l\u00edder de los \u201cporros\u201d en la UABJO, presuntamente financiado por el ex rector, Eduardo Mart\u00ednez Helmes. Pero, adem\u00e1s de ser quien encabeza a un grupo de estudiantes es coordinador de \u00e1rea de la Facultad de Derecho.<\/p>\n\n\n\n<p>El dirigente, alias \u201cEl Sonrics\u00bb , es el fundador del Frente de Estudiantes, Catedr\u00e1ticos y Administrativos de la Universidad Aut\u00f3noma \u201cBenito Ju\u00e1rez\u201d de Oaxaca (Feca-Uabjo), se\u00f1alado por diversos grupos como un medio para extorsionar o vender espacios acad\u00e9micos en la instituci\u00f3n; es tambi\u00e9n miembro del Sindicato de Trabajadores y Empleados de la UABJO.<\/p>\n","protected":false},"excerpt":{"rendered":"<p>Yuridiana Sosa\/Zona Roja. Oaxaca de Ju\u00e1rez, Oax., 26 de octubre de 2020.- Integrantes de diversos&hellip;<\/p>\n","protected":false},"author":2,"featured_media":19257,"comment_status":"closed","ping_status":"open","sticky":false,"template":"","format":"standard","meta":{"_lmt_disableupdate":"","_lmt_disable":"","_jetpack_memberships_contains_paid_content":false,"footnotes":""},"categories":[109,47],"tags":[2142],"class_list":["post-19256","post","type-post","status-publish","format-standard","has-post-thumbnail","hentry","category-minuto-a-minuto","category-zona-gris","tag-francisco-rodriguez-velasquez"],"jetpack_featured_media_url":"https:\/\/zonaroja.com.mx\/wp-content\/uploads\/2020\/10\/Conferencia-universitarios.jpg","jetpack_sharing_enabled":true,"_links":{"self":[{"href":"https:\/\/zonaroja.com.mx\/index.php?rest_route=\/wp\/v2\/posts\/19256","targetHints":{"allow":["GET"]}}],"collection":[{"href":"https:\/\/zonaroja.com.mx\/index.php?rest_route=\/wp\/v2\/posts"}],"about":[{"href":"https:\/\/zonaroja.com.mx\/index.php?rest_route=\/wp\/v2\/types\/post"}],"author":[{"embeddable":true,"href":"https:\/\/zonaroja.com.mx\/index.php?rest_route=\/wp\/v2\/users\/2"}],"replies":[{"embeddable":true,"href":"https:\/\/zonaroja.com.mx\/index.php?rest_route=%2Fwp%2Fv2%2Fcomments&post=19256"}],"version-history":[{"count":1,"href":"https:\/\/zonaroja.com.mx\/index.php?rest_route=\/wp\/v2\/posts\/19256\/revisions"}],"predecessor-version":[{"id":19258,"href":"https:\/\/zonaroja.com.mx\/index.php?rest_route=\/wp\/v2\/posts\/19256\/revisions\/19258"}],"wp:featuredmedia":[{"embeddable":true,"href":"https:\/\/zonaroja.com.mx\/index.php?rest_route=\/wp\/v2\/media\/19257"}],"wp:attachment":[{"href":"https:\/\/zonaroja.com.mx\/index.php?rest_route=%2Fwp%2Fv2%2Fmedia&parent=19256"}],"wp:term":[{"taxonomy":"category","embeddable":true,"href":"https:\/\/zonaroja.com.mx\/index.php?rest_route=%2Fwp%2Fv2%2Fcategories&post=19256"},{"taxonomy":"post_tag","embeddable":true,"href":"https:\/\/zonaroja.com.mx\/index.php?rest_route=%2Fwp%2Fv2%2Ftags&post=19256"}],"curies":[{"name":"wp","href":"https:\/\/api.w.org\/{rel}","templated":true}]}}