{"id":19263,"date":"2020-10-26T15:27:20","date_gmt":"2020-10-26T21:27:20","guid":{"rendered":"http:\/\/www.zonaroja.com.mx\/?p=19263"},"modified":"2020-10-26T15:27:24","modified_gmt":"2020-10-26T21:27:24","slug":"cumplen-ubisort-y-multi-10-dias-de-bloqueo-exigen-detencion-de-integrante-del-mult","status":"publish","type":"post","link":"https:\/\/zonaroja.com.mx\/?p=19263","title":{"rendered":"Cumplen Ubisort y MULTI 10 d\u00edas de bloqueo; exigen detenci\u00f3n de integrante del MULT"},"content":{"rendered":"\n<p>Yuridiana Sosa\/Zona Roja.<\/p>\n\n\n\n<p>Oaxaca de Ju\u00e1rez, Oax., 26 de octubre de 2020.- Para exigir la detenci\u00f3n de un integrante del Movimiento de Unificaci\u00f3n y Lucha Triqui (MULT) por el asesinato de un ind\u00edgena triqui, miembros de la Unidad de Bienestar Social de la Regi\u00f3n Triqui (Ubisort) y del MULTI, mantienen bloqueos carreteros e incomunicadas a poblaciones del grupo contrario desde hace 10 d\u00edas.<\/p>\n\n\n\n<p>La organizaci\u00f3n encabezada por Fabi\u00e1n Pereda, a trav\u00e9s de un comunicado, demand\u00f3 este lunes que de forma inmediata se establezca una mesa directa de di\u00e1logo con el gobernador Alejandro Murat y con la Comisi\u00f3n Nacional de Derechos Humanos.<\/p>\n\n\n\n<p>\u201cHoy estamos ante el desaf\u00edo de no caer en provocaciones de tambores de guerra que pretenden exterminar a los m\u00e1s necesitados, sin embargo, nos declaramos en alerta m\u00e1xima y en espera de que la justicia sea aplicada contra el responsable del homicidio de nuestro compa\u00f1ero\u201d, sentenci\u00f3 la organizaci\u00f3n triqui.<\/p>\n\n\n\n<p>Ante la queja de integrantes del MULT de no poder salir de sus comunidades en Santiago Juxtlahuaca y demandar la intervenci\u00f3n de la Secretar\u00eda General de Gobierno(Segego), la Ubisort recalc\u00f3 que el bloqueo es una determinaci\u00f3n en conjunto con el MULTI para exigir que el MULT entregue al presunto homicida de Epifanio de Jes\u00fas, atacado a balazos el pasado 13 de octubre.<\/p>\n\n\n\n<p>La organizaci\u00f3n asegur\u00f3 que la v\u00edctima, quien falleci\u00f3 el 15 de octubre, logr\u00f3 identificar y declarar a las autoridades que su agresor fue un integrante del MULT.&nbsp; A partir de esta fecha comenz\u00f3 el bloqueo, donde incluso ocuparon el ata\u00fad del difunto.<\/p>\n\n\n\n<p>Aunque los manifestantes indicaron que el bloqueo no es contra las comunidades, y la demanda est\u00e1 dirigida a la persona se\u00f1alada y a quienes lo protegen, este domingo Rogelio Pensamiento Mesinas, dirigente de la organizaci\u00f3n fundada por Heriberto Pazos Ortiz, anunci\u00f3 que iniciar\u00e1 una huelga de hambre para presionar al Gobierno del Estado que intervenga, pues en las comunidades de este grupo ya escasea el alimento.<\/p>\n","protected":false},"excerpt":{"rendered":"<p>Yuridiana Sosa\/Zona Roja. Oaxaca de Ju\u00e1rez, Oax., 26 de octubre de 2020.- Para exigir la&hellip;<\/p>\n","protected":false},"author":2,"featured_media":18845,"comment_status":"closed","ping_status":"open","sticky":false,"template":"","format":"standard","meta":{"_lmt_disableupdate":"","_lmt_disable":"","_jetpack_memberships_contains_paid_content":false,"footnotes":""},"categories":[109,47],"tags":[732,826],"class_list":["post-19263","post","type-post","status-publish","format-standard","has-post-thumbnail","hentry","category-minuto-a-minuto","category-zona-gris","tag-movimiento-de-unificacion-y-lucha-triqui","tag-santiago-juxtlahuaca"],"jetpack_featured_media_url":"https:\/\/zonaroja.com.mx\/wp-content\/uploads\/2020\/10\/Ataun-Epifanio-triqui.jpg","jetpack_sharing_enabled":true,"_links":{"self":[{"href":"https:\/\/zonaroja.com.mx\/index.php?rest_route=\/wp\/v2\/posts\/19263","targetHints":{"allow":["GET"]}}],"collection":[{"href":"https:\/\/zonaroja.com.mx\/index.php?rest_route=\/wp\/v2\/posts"}],"about":[{"href":"https:\/\/zonaroja.com.mx\/index.php?rest_route=\/wp\/v2\/types\/post"}],"author":[{"embeddable":true,"href":"https:\/\/zonaroja.com.mx\/index.php?rest_route=\/wp\/v2\/users\/2"}],"replies":[{"embeddable":true,"href":"https:\/\/zonaroja.com.mx\/index.php?rest_route=%2Fwp%2Fv2%2Fcomments&post=19263"}],"version-history":[{"count":1,"href":"https:\/\/zonaroja.com.mx\/index.php?rest_route=\/wp\/v2\/posts\/19263\/revisions"}],"predecessor-version":[{"id":19264,"href":"https:\/\/zonaroja.com.mx\/index.php?rest_route=\/wp\/v2\/posts\/19263\/revisions\/19264"}],"wp:featuredmedia":[{"embeddable":true,"href":"https:\/\/zonaroja.com.mx\/index.php?rest_route=\/wp\/v2\/media\/18845"}],"wp:attachment":[{"href":"https:\/\/zonaroja.com.mx\/index.php?rest_route=%2Fwp%2Fv2%2Fmedia&parent=19263"}],"wp:term":[{"taxonomy":"category","embeddable":true,"href":"https:\/\/zonaroja.com.mx\/index.php?rest_route=%2Fwp%2Fv2%2Fcategories&post=19263"},{"taxonomy":"post_tag","embeddable":true,"href":"https:\/\/zonaroja.com.mx\/index.php?rest_route=%2Fwp%2Fv2%2Ftags&post=19263"}],"curies":[{"name":"wp","href":"https:\/\/api.w.org\/{rel}","templated":true}]}}