{"id":19269,"date":"2020-10-26T20:18:44","date_gmt":"2020-10-27T02:18:44","guid":{"rendered":"http:\/\/www.zonaroja.com.mx\/?p=19269"},"modified":"2020-10-26T20:18:49","modified_gmt":"2020-10-27T02:18:49","slug":"la-crisis-economica-reclama-acciones-audaces-y-valientes-rolando-cordera","status":"publish","type":"post","link":"https:\/\/zonaroja.com.mx\/?p=19269","title":{"rendered":"La crisis econ\u00f3mica reclama acciones audaces y valientes: Rolando Cordera"},"content":{"rendered":"\n<p>Evlin Arag\u00f3n\/Zona Roja.<\/p>\n\n\n\n<p>Oaxaca de Ju\u00e1rez, Oax., 26 de octubre de 2020.- \u201cSi no se controla la pandemia, la econom\u00eda no se va a recuperar\u201d, es la premisa de Rolando Cordera Campos, en su participaci\u00f3n en el segundo programa de la serie \u201cOaxaca en el mundo\u201d que se transmite por la Corporaci\u00f3n Oaxaque\u00f1a de Radio y Televisi\u00f3n (Cortv).<\/p>\n\n\n\n<p>El economista y analista pol\u00edtico en el diario \u201cLa Jornada\u201d, plante\u00f3 que son tan dif\u00edciles las circunstancias actuales que vive el mundo y M\u00e9xico derivado a la pandemia por Covid-19, que se necesitan acciones extraordinarias, audaces y valientes para hacer frente a la crisis econ\u00f3mica que ya est\u00e1 presente.<\/p>\n\n\n\n<p>En su ponencia titulada \u201cCambiar el rumbo, el desarrollo tras la pandemia\u201d, destac\u00f3 que la crisis no es el resultado de desarreglos, omisiones o exceso en que hayan incurrido uno o varios actores de la econom\u00eda mundial, sino es el resultado de una decisi\u00f3n de parar las actividades econ\u00f3micas en el mundo con el prop\u00f3sito de impedir el contagio masivo del virus.&nbsp;&nbsp;<\/p>\n\n\n\n<p>Cordera Campos explic\u00f3 que previamente a la pandemia, los especialistas refer\u00edan una recesi\u00f3n econ\u00f3mica mundial pero no tan grave al grado de convertirse en una crisis como la de los a\u00f1os treinta; sin embargo, la naturaleza dio un vuelco a la humanidad oblig\u00e1ndola a replantar no s\u00f3lo la salud p\u00fablica sino la econom\u00eda mundial.&nbsp;<\/p>\n\n\n\n<p>\u201cSe trata de una situaci\u00f3n ins\u00f3lita e inesperada, casi apocal\u00edptica que nos puso de cara a espectaculares fragilidades institucionales que nos impidieron actuar con la rapidez con la que debimos haber actuado, incluso pusieron en entredicho la eficacia de las sociedades organizadas ante emergencias de la intensidad que se vive actualmente\u201d, dijo.&nbsp;&nbsp;<\/p>\n\n\n\n<p>Derivado a la contingencia sanitaria, la econom\u00eda cay\u00f3 a -18.7 por ciento en el segundo trimestre de este a\u00f1o, lo que se traduce como un desplome de la actividad econ\u00f3mica y los empleos, toda vez que 15 millones de personas en M\u00e9xico dejaron de trabajar.&nbsp;<\/p>\n\n\n\n<p>El especialista evidenci\u00f3 que el impacto econ\u00f3mico en M\u00e9xico derivado de la pandemia de Covid-19 ser\u00e1 todav\u00eda mayor al de otras naciones, debido a que en lo \u00faltimos a\u00f1os nuestro pa\u00eds ha tenido un desempe\u00f1o econ\u00f3mico socialmente insatisfactorio, de acuerdo con cualquier criterio de evaluaci\u00f3n.<\/p>\n\n\n\n<figure class=\"wp-block-embed-twitter wp-block-embed is-type-rich is-provider-twitter\"><div class=\"wp-block-embed__wrapper\">\n<div class=\"twitter-tweet\"><blockquote class=\"twitter-tweet\" data-lang=\"es\"><p lang=\"es\" dir=\"ltr\">OAXACA EN EL MUNDO <a href=\"https:\/\/t.co\/19Ho6p6tq0\">https:\/\/t.co\/19Ho6p6tq0<\/a><\/p>&mdash; CORTV (@cortv) <a href=\"https:\/\/twitter.com\/cortv\/status\/1320183556484677632?ref_src=twsrc%5Etfw\">25 de octubre de 2020<\/a><\/blockquote><\/div>\n<\/div><\/figure>\n\n\n\n<p>Lo anterior, junto con la recesi\u00f3n del 2019 que tra\u00eda consigo de un decrecimiento de la econom\u00eda en un uno por ciento que afectaba la creaci\u00f3n de empleo y generaci\u00f3n de las actividades productivas. La econom\u00eda no estaba funcionando bien, sin embargo, en el primer trimestre del 2020 se redujo en dos puntos, lo cual se potenci\u00f3 con la pandemia.<\/p>\n\n\n\n<p>Por todo lo anterior dijo, para recuperar la econom\u00eda, previa al Covid-19, algunos expertos calculan que pasaran entre 10 y 12 a\u00f1os en volver a una situaci\u00f3n que tampoco es socialmente satisfactoria, raz\u00f3n por la que dijo el reto es doble o triple, ya que, si no se controla la emergencia sanitaria, la econom\u00eda no se va a recuperar.<\/p>\n\n\n\n<p>\u201cNo sobra insistir, tenemos ya muchos a\u00f1os de desempe\u00f1o econ\u00f3mico mediocre, no existe un crecimiento econ\u00f3mico necesitamos empleo bueno, educaci\u00f3n y capacitaci\u00f3n en las nuevas tecnolog\u00edas, otros esquemas de atenci\u00f3n en salud, y horizonte de actividad econ\u00f3mica sostenida\u201d, sentenci\u00f3.&nbsp;&nbsp;<\/p>\n\n\n\n<p>Por su parte el director de la Cortv, Mart\u00edn V\u00e1squez Villanueva, destac\u00f3 la importancia de la serie de conferencias que se transmiten por la televisora local, ya que dijo permite a la poblaci\u00f3n generar una opini\u00f3n p\u00fablica mayormente informada que a su vez pueda tomar mejores decisiones.&nbsp;<\/p>\n\n\n\n<p>En el caso de la m\u00e1s reciente participaci\u00f3n de Rolando Cordera, detall\u00f3 que la intenci\u00f3n es despejar dudas en torno a la econom\u00eda y su reactivaci\u00f3n en medio de una pandemia que sin duda dejara secuelas, que deben ser atendidos.\u00a0<\/p>\n\n\n\n<p>Aqu\u00ed puede ver el programa completo:<\/p>\n\n\n\n<figure class=\"wp-block-embed\"><div class=\"wp-block-embed__wrapper\">\n<div class=\"fb-video\" data-allowfullscreen=\"true\" data-href=\"https:\/\/www.facebook.com\/cortv\/videos\/1083150055472538\/?vh=e&#038;d=n\" style=\"background-color: #fff; display: inline-block;\"><\/div>\n<\/div><\/figure>\n","protected":false},"excerpt":{"rendered":"<p>Evlin Arag\u00f3n\/Zona Roja. Oaxaca de Ju\u00e1rez, Oax., 26 de octubre de 2020.- \u201cSi no se&hellip;<\/p>\n","protected":false},"author":2,"featured_media":19270,"comment_status":"closed","ping_status":"open","sticky":false,"template":"","format":"standard","meta":{"_lmt_disableupdate":"","_lmt_disable":"","_jetpack_memberships_contains_paid_content":false,"footnotes":""},"categories":[109,46],"tags":[1890,1582],"class_list":["post-19269","post","type-post","status-publish","format-standard","has-post-thumbnail","hentry","category-minuto-a-minuto","category-zona-blanca","tag-corporacion-oaxaquena-de-radio-y-television-cortv","tag-martin-vasquez-villanueva"],"jetpack_featured_media_url":"https:\/\/zonaroja.com.mx\/wp-content\/uploads\/2020\/10\/Rolando-Cordera-Campos.jpg","jetpack_sharing_enabled":true,"_links":{"self":[{"href":"https:\/\/zonaroja.com.mx\/index.php?rest_route=\/wp\/v2\/posts\/19269","targetHints":{"allow":["GET"]}}],"collection":[{"href":"https:\/\/zonaroja.com.mx\/index.php?rest_route=\/wp\/v2\/posts"}],"about":[{"href":"https:\/\/zonaroja.com.mx\/index.php?rest_route=\/wp\/v2\/types\/post"}],"author":[{"embeddable":true,"href":"https:\/\/zonaroja.com.mx\/index.php?rest_route=\/wp\/v2\/users\/2"}],"replies":[{"embeddable":true,"href":"https:\/\/zonaroja.com.mx\/index.php?rest_route=%2Fwp%2Fv2%2Fcomments&post=19269"}],"version-history":[{"count":1,"href":"https:\/\/zonaroja.com.mx\/index.php?rest_route=\/wp\/v2\/posts\/19269\/revisions"}],"predecessor-version":[{"id":19271,"href":"https:\/\/zonaroja.com.mx\/index.php?rest_route=\/wp\/v2\/posts\/19269\/revisions\/19271"}],"wp:featuredmedia":[{"embeddable":true,"href":"https:\/\/zonaroja.com.mx\/index.php?rest_route=\/wp\/v2\/media\/19270"}],"wp:attachment":[{"href":"https:\/\/zonaroja.com.mx\/index.php?rest_route=%2Fwp%2Fv2%2Fmedia&parent=19269"}],"wp:term":[{"taxonomy":"category","embeddable":true,"href":"https:\/\/zonaroja.com.mx\/index.php?rest_route=%2Fwp%2Fv2%2Fcategories&post=19269"},{"taxonomy":"post_tag","embeddable":true,"href":"https:\/\/zonaroja.com.mx\/index.php?rest_route=%2Fwp%2Fv2%2Ftags&post=19269"}],"curies":[{"name":"wp","href":"https:\/\/api.w.org\/{rel}","templated":true}]}}