{"id":19272,"date":"2020-10-26T21:00:50","date_gmt":"2020-10-27T03:00:50","guid":{"rendered":"http:\/\/www.zonaroja.com.mx\/?p=19272"},"modified":"2020-10-26T21:04:52","modified_gmt":"2020-10-27T03:04:52","slug":"cierre-historico-del-lecumberri-oaxaqueno-el-penal-ixcotel","status":"publish","type":"post","link":"https:\/\/zonaroja.com.mx\/?p=19272","title":{"rendered":"Cierre hist\u00f3rico del \u00abLecumberri\u00bb oaxaque\u00f1o, el penal Ixcotel"},"content":{"rendered":"\n<p>Yuridiana Sosa\/Zona Roja.<\/p>\n\n\n\n<p>Oaxaca de Ju\u00e1rez, Oax., 26 de octubre de 2020.- Atr\u00e1s quedaron 59 a\u00f1os de historia, de una vida penitenciaria plagada de irregularidades sexenios atr\u00e1s. Un Lecumberri a la oaxaque\u00f1a.<\/p>\n\n\n\n<p>Atr\u00e1s los tristes recuerdos de las rejas, de los cuartuchos como celda, del hacinamiento, de sangre, drogas, alcohol. Y tambi\u00e9n complicidades.<\/p>\n\n\n\n<p>Este lunes se cerraron las puertas del Centro de Reinserci\u00f3n Social (Cereso) de Santa Mar\u00eda Ixcotel, Oaxaca, que hab\u00eda sido catalogado como uno de peores del pa\u00eds.<\/p>\n\n\n\n<p>Ubicado en el municipio de Santa Luc\u00eda del Camino, a un costado de la VIII Regi\u00f3n y XXVII Zona Militar, este penal se caracteriz\u00f3 por las deplorables condiciones de estancia para sus internos.<\/p>\n\n\n\n<p>Tratos inhumanos, motines sangrientos, autogobiernos, drogas y armas de fuego fueron parte de la vida interna del que fue el centro de reclusi\u00f3n con mayor hacinamiento en la entidad, con m\u00e1s de mil 200 personas, y en ocasiones hasta mil 500, incluyendo en su momento a mujeres.<\/p>\n\n\n\n<p>Con el traslado de las \u00faltimas 906 personas privadas de su libertad en este sitio, la madrugada de este lunes, concluyeron las operaciones de este penal luego de una espera de m\u00e1s de cuatro a\u00f1os, desde que se inaugur\u00f3 el Centro de Reinserci\u00f3n Social Varonil, de San Francisco Tanivet, Tlacolula de Matamoros.<\/p>\n\n\n\n<figure class=\"wp-block-embed-twitter wp-block-embed is-type-rich is-provider-twitter\"><div class=\"wp-block-embed__wrapper\">\n<div class=\"twitter-tweet\"><blockquote class=\"twitter-tweet\" data-lang=\"es\"><p lang=\"es\" dir=\"ltr\"><a href=\"https:\/\/twitter.com\/hashtag\/%C3%9AltimoMinuto?src=hash&amp;ref_src=twsrc%5Etfw\">#\u00daltimoMinuto<\/a> <br>Confirma la <a href=\"https:\/\/twitter.com\/SSP_GobOax?ref_src=twsrc%5Etfw\">@SSP_GobOax<\/a> traslado de reos de la penitenciar\u00eda de Santa Mar\u00eda Ixcotel hacia otros reclusorios. <br>En tanto,esta ma\u00f1ana familiares de las personas privadas de su libertad inician protesta para exigir explicaciones; personal de la dependencia los atiende. <a href=\"https:\/\/t.co\/xImEJw5a3m\">pic.twitter.com\/xImEJw5a3m<\/a><\/p>&mdash; Zona Roja Oaxaca (@MexRoja) <a href=\"https:\/\/twitter.com\/MexRoja\/status\/1320754643597742083?ref_src=twsrc%5Etfw\">26 de octubre de 2020<\/a><\/blockquote><\/div>\n<\/div><\/figure>\n\n\n\n<p>CONDENADO Y REPROBADO<\/p>\n\n\n\n<p>Sus instalaciones y operatividad estuvieron por d\u00e9cadas lejos de ofrecer una reinserci\u00f3n social a sus internos. Lo que en una serie de ocasiones fue motivo de se\u00f1alamientos reprobatorios por la Comisi\u00f3n Nacional de Derechos Humanos (CNDH).<\/p>\n\n\n\n<p>El Diagn\u00f3stico Nacional de Supervisi\u00f3n Penitenciaria 2019 se\u00f1al\u00f3 que el Centro de Reinserci\u00f3n Social N\u00famero Uno, de Santa Mar\u00eda Ixcotel, obtuvo una calificaci\u00f3n de 6.44 , superior al resultado del Diagn\u00f3stico Nacional de Supervisi\u00f3n Penitenciaria (DNSP) de la Comisi\u00f3n Nacional de los Derechos Humanos (CNDH) de 2016, cuando obtuvo en promedio 5.25. Mientras que en 2013 lleg\u00f3 al fondo con 4.8, por ser de las peores con menor gobernabilidad.<\/p>\n\n\n\n<p>Dentro de este lugar se observaron deficiencias b\u00e1sicas, como son el servicio de alimentos, salud, higiene, infraestructura; falta de programas para la prevenci\u00f3n y atenci\u00f3n de incidentes violentos, medios para presentar quejas presuntas violaciones a derechos humanos.<\/p>\n\n\n\n<p>Adem\u00e1s de poco personal de seguridad y custodia, procesos disciplinarios eficientes; as\u00ed como actividades il\u00edcitas como los autogobiernos o cobros indebidos.<\/p>\n\n\n\n<p>En los \u00faltimos a\u00f1os, la Secretar\u00eda de Seguridad P\u00fablica fortaleci\u00f3 actividades para mejorar la calidad de vida de la poblaci\u00f3n penitenciaria.<\/p>\n\n\n\n<p>Personas privadas de su libertad se convirtieron en verdaderos artesanos y hasta en pintores, labores con las que generaron mayores ingresos para sus familias, pero que con este cambio se desconoce el rumbo de estos talleres, como el de \u201cGr\u00e1fica Siqueiros\u201d.<\/p>\n\n\n\n<figure class=\"wp-block-embed-twitter wp-block-embed is-type-rich is-provider-twitter\"><div class=\"wp-block-embed__wrapper\">\n<div class=\"twitter-tweet\"><blockquote class=\"twitter-tweet\" data-lang=\"es\"><p lang=\"es\" dir=\"ltr\"><a href=\"https:\/\/twitter.com\/hashtag\/%C3%9AltimoMinuto?src=hash&amp;ref_src=twsrc%5Etfw\">#\u00daltimoMinuto<\/a><br>De gira por Santa Mar\u00eda El Tule, el gobernador <a href=\"https:\/\/twitter.com\/alejandromurat?ref_src=twsrc%5Etfw\">@AlejandroMurat<\/a> confirm\u00f3 el cierre total del reclusorio de Santa Mar\u00eda Ixcotel, tras el traslado hoy de 906 reos; reconoci\u00f3 el operativo exitoso que efectu\u00f3 la <a href=\"https:\/\/twitter.com\/SSP_GobOax?ref_src=twsrc%5Etfw\">@SSP_GobOax<\/a>. <a href=\"https:\/\/t.co\/Vb8E7Zn8ZE\">pic.twitter.com\/Vb8E7Zn8ZE<\/a><\/p>&mdash; Zona Roja Oaxaca (@MexRoja) <a href=\"https:\/\/twitter.com\/MexRoja\/status\/1320784851977424896?ref_src=twsrc%5Etfw\">26 de octubre de 2020<\/a><\/blockquote><\/div>\n<\/div><\/figure>\n\n\n\n<p>EL REMEDIO<\/p>\n\n\n\n<p>Desde el 2015 se programaba el traslado de los internos, m\u00e1s de mil 200 en ese entonces, que rebasaba la capacidad aproximada para 800; s\u00f3lo esperaban la conclusi\u00f3n del penal de Tanivet, detall\u00f3 en ese entonces el Subsecretario de Readaptaci\u00f3n Social y Reinserci\u00f3n Social de la Secretar\u00eda de Seguridad P\u00fablica Estatal (SSP), Baldemar P\u00e9rez Canseco, se\u00f1alado tambi\u00e9n de irregularidades.<\/p>\n\n\n\n<p>El 30 de marzo de 2016, el Gobierno del Estado inaugur\u00f3 el centro penitenciario con la capacidad para albergar a dos mil 500 internos distribuidos en 12 pabellones, todos del fuero com\u00fan. Desde ese entonces se inici\u00f3 otra etapa de espera.<\/p>\n\n\n\n<p>De forma paulatina, el traslado de las personas privadas de su libertad en Ixcotel comenz\u00f3 en enero de este a\u00f1o; luego, en mayo, con la excusa de la pandemia y reducir la poblaci\u00f3n penitenciaria, otros m\u00e1s fueron trasladados a Tanivet.<\/p>\n\n\n\n<figure class=\"wp-block-embed-twitter wp-block-embed is-type-rich is-provider-twitter\"><div class=\"wp-block-embed__wrapper\">\n<div class=\"twitter-tweet\"><blockquote class=\"twitter-tweet\" data-lang=\"es\"><p lang=\"es\" dir=\"ltr\"><a href=\"https:\/\/twitter.com\/hashtag\/%C3%9AltimaHora?src=hash&amp;ref_src=twsrc%5Etfw\">#\u00daltimaHora<\/a> <br>Un hecho hist\u00f3rico, el cierre del reclusorio m\u00e1s grande de Oaxaca; ubicado en Santa Mar\u00eda Ixcotel. Lleg\u00f3 a tener hasta mil 500 internos y fue escenario de varios motines sangrientos en sexenios pasados. El <a href=\"https:\/\/twitter.com\/GobOax?ref_src=twsrc%5Etfw\">@goboax<\/a> un no define qu\u00e9 destino dar\u00e1 al inmueble. <a href=\"https:\/\/t.co\/0zTD3aEzbn\">pic.twitter.com\/0zTD3aEzbn<\/a><\/p>&mdash; Zona Roja Oaxaca (@MexRoja) <a href=\"https:\/\/twitter.com\/MexRoja\/status\/1320798822608576514?ref_src=twsrc%5Etfw\">26 de octubre de 2020<\/a><\/blockquote><\/div>\n<\/div><\/figure>\n\n\n\n<p>REBELIONES Y OPERATIVOS<\/p>\n\n\n\n<p>Ixcotel deja atr\u00e1s una historia tr\u00e1gica. El hecho m\u00e1s violento al interior de este centro penitenciario ocurri\u00f3 el 17 de marzo de 1997. El saldo fue de siete personas fallecidas y m\u00e1s de 60 lesionadas.<\/p>\n\n\n\n<p>El mot\u00edn se registr\u00f3 por la disputa de la mesa directiva de los internos. La versi\u00f3n oficial indic\u00f3 que se trat\u00f3 de una pelea entre dos grupos, quienes ocuparon como armas varillas, botellas, palos, piedras, armas blancas y hasta armas de fuego.<\/p>\n\n\n\n<p>En marzo de 2009, una revuelta se origin\u00f3 por la fuga masiva de unos 39 reos, lo que ocasion\u00f3 una confrontaci\u00f3n con los custodios. En el hecho muri\u00f3 Herminio Isidoro Garc\u00eda, presuntamente miembro de la delincuencia organizada.<\/p>\n\n\n\n<p>Pero dos meses antes, otro mot\u00edn se registr\u00f3 y concluy\u00f3 con la destituci\u00f3n del director del penal, Jes\u00fas Sebasti\u00e1n Izunza Guti\u00e9rrez.<\/p>\n\n\n\n<p>Durante el a\u00f1o 2012 se registraron dos hechos importantes. En enero el traslado de un interno, con perfil de peligroso, origin\u00f3 una ri\u00f1a y los reos se negaron al pase de lista, mientras que en septiembre, cerca de 900 personas privadas de su libertad volvieron a negarse participar en el pase de lista como forma de protesta para denunciar malos tratos.<\/p>\n\n\n\n<p>En cuanto a los operativos, el de octubre de 2001, fue uno de los m\u00e1s intensos. La autoridad inform\u00f3 del decomiso de cientos de objetos prohibidos, as\u00ed como supuestamente desmantelaron el autogobierno, por lo que cesaron al director Pedro Omar Ruiz Cruz, y 30 internos fueron trasladados a otro centro.<\/p>\n\n\n\n<p>Bajo el operativo \u201cSaturno II\u201d, en octubre de 2011, elementos de la Polic\u00eda Federal, Ej\u00e9rcito Mexicano y Polic\u00eda Estatal, realizaron un cateo donde se encontraron todo tipo de armas, drogas, dinero en efectivo y 200 televisiones y traslados de internos al penal de Miahuatl\u00e1n.<\/p>\n\n\n\n<figure class=\"wp-block-embed-twitter wp-block-embed is-type-rich is-provider-twitter\"><div class=\"wp-block-embed__wrapper\">\n<div class=\"twitter-tweet\"><blockquote class=\"twitter-tweet\" data-lang=\"es\"><p lang=\"es\" dir=\"ltr\"><a href=\"https:\/\/twitter.com\/hashtag\/%C3%9AltimoMinuto?src=hash&amp;ref_src=twsrc%5Etfw\">#\u00daltimoMinuto<\/a> <br>As\u00ed qued\u00f3 clausurado oficialmente el Centro de Reinserci\u00f3n Social (Cerreso) de Santa Mar\u00eda Ixcotel, Santa Luc\u00eda del Camino, Oaxaca, por parte del gobernador <a href=\"https:\/\/twitter.com\/alejandromurat?ref_src=twsrc%5Etfw\">@alejandromurat<\/a> y el titular de la <a href=\"https:\/\/twitter.com\/SSP_GobOax?ref_src=twsrc%5Etfw\">@SSP_GobOax<\/a>, Ra\u00fal Ernesto Salcedo.El final de una historia penitenciaria. <a href=\"https:\/\/t.co\/HJzR9G6TYP\">pic.twitter.com\/HJzR9G6TYP<\/a><\/p>&mdash; Zona Roja Oaxaca (@MexRoja) <a href=\"https:\/\/twitter.com\/MexRoja\/status\/1320827334371409920?ref_src=twsrc%5Etfw\">26 de octubre de 2020<\/a><\/blockquote><\/div>\n<\/div><\/figure>\n\n\n\n<p>HIST\u00d3RICA FUGA<\/p>\n\n\n\n<p>El penal de Ixcotel fue tambi\u00e9n la prisi\u00f3n burlada por \u201cEl Cacique de Oaxaca\u201d, Pedro D\u00edaz Parada, presunto l\u00edder del llamado \u201cC\u00e1rtel de Oaxaca\u201d o \u201cC\u00e1rtel del Istmo\u201d fundado en la d\u00e9cada de los 70.<\/p>\n\n\n\n<p>D\u00edaz Parada fue detenido y sentenciado en abril de 1985, cuando lleg\u00f3 al penal de Santa Mar\u00eda Ixcotel, de donde escap\u00f3.&nbsp; El peri\u00f3dico \u201cEl Economista\u201d relat\u00f3 que cuando \u00e9l escuch\u00f3 su sentencia le dijo al juez: \u201cYo me ir\u00e9 y t\u00fa morir\u00e1s\u201d.<\/p>\n\n\n\n<p>CIERRE DEFINITIVO<\/p>\n\n\n\n<p>Atr\u00e1s quedaron esas historias. Este lunes, tras un recorrido al interior del Centro Penitenciario de Ixcotel, el gobernador Alejandro Murat, acompa\u00f1ado del titular de la Secretar\u00eda de Seguridad P\u00fablica de Oaxaca, Ra\u00fal Ernesto Salcedo, cerr\u00f3 las puertas del edificio, prometiendo mejores condiciones para las PPL en otros penales.<\/p>\n\n\n\n<p>El gobierno inform\u00f3 que fueron trasladadas 906 personas privadas de libertad; 806 al centro penitenciario ubicado en San Francisco Tanivet; 50 al de Miahuatl\u00e1n de Porfirio D\u00edaz y 50 al de la Villa de Etla.<\/p>\n\n\n\n<figure class=\"wp-block-image size-large\"><img decoding=\"async\" width=\"1024\" height=\"574\" src=\"http:\/\/www.zonaroja.com.mx\/wp-content\/uploads\/2020\/10\/Cierran-Ixtotel-1-1024x574.jpg\" alt=\"\" class=\"wp-image-19274\" srcset=\"https:\/\/zonaroja.com.mx\/wp-content\/uploads\/2020\/10\/Cierran-Ixtotel-1-1024x574.jpg 1024w, https:\/\/zonaroja.com.mx\/wp-content\/uploads\/2020\/10\/Cierran-Ixtotel-1-300x168.jpg 300w, https:\/\/zonaroja.com.mx\/wp-content\/uploads\/2020\/10\/Cierran-Ixtotel-1-768x431.jpg 768w, https:\/\/zonaroja.com.mx\/wp-content\/uploads\/2020\/10\/Cierran-Ixtotel-1-1170x656.jpg 1170w, https:\/\/zonaroja.com.mx\/wp-content\/uploads\/2020\/10\/Cierran-Ixtotel-1-585x328.jpg 585w, https:\/\/zonaroja.com.mx\/wp-content\/uploads\/2020\/10\/Cierran-Ixtotel-1.jpg 1280w\" sizes=\"(max-width: 1024px) 100vw, 1024px\" \/><\/figure>\n","protected":false},"excerpt":{"rendered":"<p>Yuridiana Sosa\/Zona Roja. Oaxaca de Ju\u00e1rez, Oax., 26 de octubre de 2020.- Atr\u00e1s quedaron 59&hellip;<\/p>\n","protected":false},"author":2,"featured_media":19273,"comment_status":"closed","ping_status":"open","sticky":false,"template":"","format":"standard","meta":{"_lmt_disableupdate":"","_lmt_disable":"","_jetpack_memberships_contains_paid_content":false,"footnotes":""},"categories":[109,47],"tags":[1733],"class_list":["post-19272","post","type-post","status-publish","format-standard","has-post-thumbnail","hentry","category-minuto-a-minuto","category-zona-gris","tag-centro-de-reinsercion-social-santa-maria-ixcotel"],"jetpack_featured_media_url":"https:\/\/zonaroja.com.mx\/wp-content\/uploads\/2020\/10\/Cierran-Ixcotel-2.jpg","jetpack_sharing_enabled":true,"_links":{"self":[{"href":"https:\/\/zonaroja.com.mx\/index.php?rest_route=\/wp\/v2\/posts\/19272","targetHints":{"allow":["GET"]}}],"collection":[{"href":"https:\/\/zonaroja.com.mx\/index.php?rest_route=\/wp\/v2\/posts"}],"about":[{"href":"https:\/\/zonaroja.com.mx\/index.php?rest_route=\/wp\/v2\/types\/post"}],"author":[{"embeddable":true,"href":"https:\/\/zonaroja.com.mx\/index.php?rest_route=\/wp\/v2\/users\/2"}],"replies":[{"embeddable":true,"href":"https:\/\/zonaroja.com.mx\/index.php?rest_route=%2Fwp%2Fv2%2Fcomments&post=19272"}],"version-history":[{"count":2,"href":"https:\/\/zonaroja.com.mx\/index.php?rest_route=\/wp\/v2\/posts\/19272\/revisions"}],"predecessor-version":[{"id":19276,"href":"https:\/\/zonaroja.com.mx\/index.php?rest_route=\/wp\/v2\/posts\/19272\/revisions\/19276"}],"wp:featuredmedia":[{"embeddable":true,"href":"https:\/\/zonaroja.com.mx\/index.php?rest_route=\/wp\/v2\/media\/19273"}],"wp:attachment":[{"href":"https:\/\/zonaroja.com.mx\/index.php?rest_route=%2Fwp%2Fv2%2Fmedia&parent=19272"}],"wp:term":[{"taxonomy":"category","embeddable":true,"href":"https:\/\/zonaroja.com.mx\/index.php?rest_route=%2Fwp%2Fv2%2Fcategories&post=19272"},{"taxonomy":"post_tag","embeddable":true,"href":"https:\/\/zonaroja.com.mx\/index.php?rest_route=%2Fwp%2Fv2%2Ftags&post=19272"}],"curies":[{"name":"wp","href":"https:\/\/api.w.org\/{rel}","templated":true}]}}