{"id":19277,"date":"2020-10-26T21:42:34","date_gmt":"2020-10-27T03:42:34","guid":{"rendered":"http:\/\/www.zonaroja.com.mx\/?p=19277"},"modified":"2020-10-26T21:42:38","modified_gmt":"2020-10-27T03:42:38","slug":"inicia-oaxaca-en-semaforo-amarillo-con-un-deceso-y-20-casos-positivos","status":"publish","type":"post","link":"https:\/\/zonaroja.com.mx\/?p=19277","title":{"rendered":"Inicia Oaxaca en sem\u00e1foro amarillo con un deceso y 20 casos positivos"},"content":{"rendered":"\n<p>Redacci\u00f3n\/Zona Roja.<\/p>\n\n\n\n<p>Oaxaca de Ju\u00e1rez, Oax. 26 de octubre de 2020.- Los Servicios de Salud de Oaxaca (SSO) dieron a conocer que seg\u00fan el reporte t\u00e9cnico diario de la pandemia, este 26 de octubre se registraron 20 casos nuevos en 13 municipios, para un total de 20 mil 587 personas que han contra\u00eddo el Covid-19 desde el pasado 14 de marzo.<\/p>\n\n\n\n<p>En un comunicado, detall\u00f3 que Oaxaca de Ju\u00e1rez sigue siendo la zona con m\u00e1s contagios, al contabilizar este lunes seis casos, seguido de Salina Cruz con tres y el resto un s\u00f3lo reporte.<\/p>\n\n\n\n<p>Agreg\u00f3 a las estad\u00edsticas se sum\u00f3 un deceso m\u00e1s, para contabilizar mil 613 personas que lamentablemente perdieron la vida a causa del coronavirus; siendo la incidencia m\u00e1s alta de mortalidad los adultos mayores de 50 a\u00f1os, con un global de mil 338 fallecimientos, cifra que representa el 82.9% del total de las muertes.<\/p>\n\n\n\n<p>Se\u00f1al\u00f3 que por distribuci\u00f3n geogr\u00e1fica, Valles Centrales acumul\u00f3 13 mil 740 positivos y 803 muertes; Istmo dos mil 001 y 294 decesos; Tuxtepec mil 822 y 248 p\u00e9rdidas fatales; Mixteca mil 460 y 124 fallecimientos, Costa mil 031 y 90 v\u00edctimas mortales; Sierra 533 y 54 muertes.<\/p>\n\n\n\n<p>Dijo que del total de casos reportados, 16 mil 573 han sido ambulatorios y cuatro mil 014 han requerido atenci\u00f3n hospitalaria; para este lunes la red de nosocomios Covid-19, registr\u00f3 34.5% de ocupaci\u00f3n general, 41.5% corresponde a camas de observaci\u00f3n y 21.9% con ventilador.<\/p>\n\n\n\n<figure class=\"wp-block-embed-twitter wp-block-embed is-type-rich is-provider-twitter\"><div class=\"wp-block-embed__wrapper\">\n<div class=\"twitter-tweet\"><blockquote class=\"twitter-tweet\" data-lang=\"es\"><p lang=\"es\" dir=\"ltr\">Este lunes 26 de octubre, 13 municipios de <a href=\"https:\/\/twitter.com\/hashtag\/Oaxaca?src=hash&amp;ref_src=twsrc%5Etfw\">#Oaxaca<\/a> sumaron nuevos casos positivos de <a href=\"https:\/\/twitter.com\/hashtag\/COVID19?src=hash&amp;ref_src=twsrc%5Etfw\">#COVID19<\/a>.<br><br>Te necesitamos para evitar los contagios, si te cuidas t\u00fa nos cuidas a todos. <a href=\"https:\/\/t.co\/vpKZM99CGC\">pic.twitter.com\/vpKZM99CGC<\/a><\/p>&mdash; Servicios de Salud (@SSO_GobOax) <a href=\"https:\/\/twitter.com\/SSO_GobOax\/status\/1320910985948024833?ref_src=twsrc%5Etfw\">27 de octubre de 2020<\/a><\/blockquote><\/div>\n<\/div><\/figure>\n\n\n\n<p>A\u00f1adi\u00f3 que hasta el corte epidemiol\u00f3gico de este lunes, se tiene un global de 18 mil 452 pacientes que se han recuperado, ocho mil 943 son negativos, tres mil 317 est\u00e1n como sospechosos y 467 son activos.<\/p>\n\n\n\n<p>As\u00ed tambi\u00e9n se tiene el reporte de dos mil 991 trabajadores de salud que han salido positivos a la enfermedad respiratoria.<\/p>\n\n\n\n<p>LLAMADO URGENTE<\/p>\n\n\n\n<p>Ante la presencia del nuevo virus en la entidad, hizo un llamado a las y los oaxaque\u00f1os para priorizar la aplicaci\u00f3n constante de las medidas de prevenci\u00f3n y precauci\u00f3n sanitaria, ante el cambio de color naranja a amarillo en el sem\u00e1foro epidemiol\u00f3gico de la federaci\u00f3n.<\/p>\n\n\n\n<p>Indic\u00f3 que el Covid a\u00fan contin\u00faa activo en el estado, por ello no se debe bajar la guardia; las indicaciones de protecci\u00f3n deben reforzarse, lo que cambiar\u00e1 en esta nueva etapa son los criterios sociales para la apertura de actividades en relaci\u00f3n con el nivel de riesgo y la cantidad de personas permitidas en el espacio p\u00fablico.<\/p>\n","protected":false},"excerpt":{"rendered":"<p>Redacci\u00f3n\/Zona Roja. Oaxaca de Ju\u00e1rez, Oax. 26 de octubre de 2020.- Los Servicios de Salud&hellip;<\/p>\n","protected":false},"author":2,"featured_media":19278,"comment_status":"closed","ping_status":"open","sticky":false,"template":"","format":"standard","meta":{"_lmt_disableupdate":"","_lmt_disable":"","_jetpack_memberships_contains_paid_content":false,"footnotes":""},"categories":[109,47],"tags":[1512],"class_list":["post-19277","post","type-post","status-publish","format-standard","has-post-thumbnail","hentry","category-minuto-a-minuto","category-zona-gris","tag-coronavirus-oaxaca"],"jetpack_featured_media_url":"https:\/\/zonaroja.com.mx\/wp-content\/uploads\/2020\/10\/SSO-1-1-3.jpeg","jetpack_sharing_enabled":true,"_links":{"self":[{"href":"https:\/\/zonaroja.com.mx\/index.php?rest_route=\/wp\/v2\/posts\/19277","targetHints":{"allow":["GET"]}}],"collection":[{"href":"https:\/\/zonaroja.com.mx\/index.php?rest_route=\/wp\/v2\/posts"}],"about":[{"href":"https:\/\/zonaroja.com.mx\/index.php?rest_route=\/wp\/v2\/types\/post"}],"author":[{"embeddable":true,"href":"https:\/\/zonaroja.com.mx\/index.php?rest_route=\/wp\/v2\/users\/2"}],"replies":[{"embeddable":true,"href":"https:\/\/zonaroja.com.mx\/index.php?rest_route=%2Fwp%2Fv2%2Fcomments&post=19277"}],"version-history":[{"count":1,"href":"https:\/\/zonaroja.com.mx\/index.php?rest_route=\/wp\/v2\/posts\/19277\/revisions"}],"predecessor-version":[{"id":19279,"href":"https:\/\/zonaroja.com.mx\/index.php?rest_route=\/wp\/v2\/posts\/19277\/revisions\/19279"}],"wp:featuredmedia":[{"embeddable":true,"href":"https:\/\/zonaroja.com.mx\/index.php?rest_route=\/wp\/v2\/media\/19278"}],"wp:attachment":[{"href":"https:\/\/zonaroja.com.mx\/index.php?rest_route=%2Fwp%2Fv2%2Fmedia&parent=19277"}],"wp:term":[{"taxonomy":"category","embeddable":true,"href":"https:\/\/zonaroja.com.mx\/index.php?rest_route=%2Fwp%2Fv2%2Fcategories&post=19277"},{"taxonomy":"post_tag","embeddable":true,"href":"https:\/\/zonaroja.com.mx\/index.php?rest_route=%2Fwp%2Fv2%2Ftags&post=19277"}],"curies":[{"name":"wp","href":"https:\/\/api.w.org\/{rel}","templated":true}]}}