{"id":19280,"date":"2020-10-27T07:40:38","date_gmt":"2020-10-27T13:40:38","guid":{"rendered":"http:\/\/www.zonaroja.com.mx\/?p=19280"},"modified":"2020-10-27T07:40:43","modified_gmt":"2020-10-27T13:40:43","slug":"mixteca-roja-un-asesinado-en-mixtepec-osamenta-en-tlaxiaco","status":"publish","type":"post","link":"https:\/\/zonaroja.com.mx\/?p=19280","title":{"rendered":"Mixteca roja: un asesinado en Mixtepec; osamenta en Tlaxiaco"},"content":{"rendered":"\n<p>Redacci\u00f3n\/Zona Roja.<\/p>\n\n\n\n<p>Oaxaca de Ju\u00e1rez, Oax., 27 de octubre de 2020.- Una persona sin vida fue hallada ayer  lunes por la ma\u00f1ana en jurisdicci\u00f3n de San Juan Mixtepec, Juxtlahuaca, presuntamente a causa de golpes.<\/p>\n\n\n\n<p>De acuerdo con reportes policiacos, el cuerpo fue localizado a las afueras de ese municipio; seg\u00fan sus familiares, el hombre identificado como Marco Antonio Hern\u00e1ndez Bautista, de 31 a\u00f1os de edad, hab\u00eda sido detenido el pasado s\u00e1bado por la polic\u00eda municipal.<\/p>\n\n\n\n<p>Tras ello fue llevado a los separos, en el palacio municipal; sin embargo, al parecer fue golpeado por los uniformados y su cuerpo tirado. Familiares de la v\u00edctima exigen justicia y prev\u00e9n protestar este martes.<\/p>\n\n\n\n<p>Por otra parte, en la Heroica Ciudad de Tlaxiaco fue hallado un cr\u00e1neo humano, en el paraje \u201cBarranca Grande\u201d del barrio San Nicol\u00e1s.<\/p>\n\n\n\n<p>Personal de la Vicefiscal\u00eda Regional de la Mixteca inici\u00f3 las indagatorias respectivas de ambos casos.<\/p>\n","protected":false},"excerpt":{"rendered":"<p>Redacci\u00f3n\/Zona Roja. Oaxaca de Ju\u00e1rez, Oax., 27 de octubre de 2020.- Una persona sin vida&hellip;<\/p>\n","protected":false},"author":2,"featured_media":19281,"comment_status":"closed","ping_status":"open","sticky":false,"template":"","format":"standard","meta":{"_lmt_disableupdate":"","_lmt_disable":"","_jetpack_memberships_contains_paid_content":false,"footnotes":""},"categories":[109,47],"tags":[1768],"class_list":["post-19280","post","type-post","status-publish","format-standard","has-post-thumbnail","hentry","category-minuto-a-minuto","category-zona-gris","tag-san-juan-mixtepec"],"jetpack_featured_media_url":"https:\/\/zonaroja.com.mx\/wp-content\/uploads\/2020\/10\/San-Juan-Mixtepec-1.jpg","jetpack_sharing_enabled":true,"_links":{"self":[{"href":"https:\/\/zonaroja.com.mx\/index.php?rest_route=\/wp\/v2\/posts\/19280","targetHints":{"allow":["GET"]}}],"collection":[{"href":"https:\/\/zonaroja.com.mx\/index.php?rest_route=\/wp\/v2\/posts"}],"about":[{"href":"https:\/\/zonaroja.com.mx\/index.php?rest_route=\/wp\/v2\/types\/post"}],"author":[{"embeddable":true,"href":"https:\/\/zonaroja.com.mx\/index.php?rest_route=\/wp\/v2\/users\/2"}],"replies":[{"embeddable":true,"href":"https:\/\/zonaroja.com.mx\/index.php?rest_route=%2Fwp%2Fv2%2Fcomments&post=19280"}],"version-history":[{"count":1,"href":"https:\/\/zonaroja.com.mx\/index.php?rest_route=\/wp\/v2\/posts\/19280\/revisions"}],"predecessor-version":[{"id":19282,"href":"https:\/\/zonaroja.com.mx\/index.php?rest_route=\/wp\/v2\/posts\/19280\/revisions\/19282"}],"wp:featuredmedia":[{"embeddable":true,"href":"https:\/\/zonaroja.com.mx\/index.php?rest_route=\/wp\/v2\/media\/19281"}],"wp:attachment":[{"href":"https:\/\/zonaroja.com.mx\/index.php?rest_route=%2Fwp%2Fv2%2Fmedia&parent=19280"}],"wp:term":[{"taxonomy":"category","embeddable":true,"href":"https:\/\/zonaroja.com.mx\/index.php?rest_route=%2Fwp%2Fv2%2Fcategories&post=19280"},{"taxonomy":"post_tag","embeddable":true,"href":"https:\/\/zonaroja.com.mx\/index.php?rest_route=%2Fwp%2Fv2%2Ftags&post=19280"}],"curies":[{"name":"wp","href":"https:\/\/api.w.org\/{rel}","templated":true}]}}