{"id":19283,"date":"2020-10-27T07:56:12","date_gmt":"2020-10-27T13:56:12","guid":{"rendered":"http:\/\/www.zonaroja.com.mx\/?p=19283"},"modified":"2020-10-27T07:56:15","modified_gmt":"2020-10-27T13:56:15","slug":"sigue-guerra-triqui-mult-acusa-a-multi-y-ubisort-de-paramilitares","status":"publish","type":"post","link":"https:\/\/zonaroja.com.mx\/?p=19283","title":{"rendered":"Sigue guerra triqui: MULT acusa a MULTI y Ubisort de paramilitares"},"content":{"rendered":"\n<p>Ismael Garc\u00eda M.\/Zona Roja.<\/p>\n\n\n\n<p>Oaxaca de Ju\u00e1rez, Oax., 27 de octubre de 2020.- El conflicto en la zona triqui entre organizaciones sociales escala, tras el asesinato de un ind\u00edgena en la regi\u00f3n Mixteca.<\/p>\n\n\n\n<p>En tanto el Movimiento de Unificaci\u00f3n y Lucha Triqui Independiente (MULTI) y la Unidad de Bienestar Social de la Regi\u00f3n Triqui (Ubisort) acusan al MULT de ser autores del crimen perpetrado hace dos semanas, el MULT se\u00f1ala lo contrario.<\/p>\n\n\n\n<p>En medio de ello, un bloqueo carretero suma las mismas dos semanas, sin que las autoridades del Gobierno del Estado de Oaxaca intervengan.<\/p>\n\n\n\n<p>\u201cLos se\u00f1ores Macario Garc\u00eda Merino y Fabi\u00e1n Pereda Pereda (PRI) encabezan un grupo de choque paramilitar que pretende agrupar a comunidades hermanas de la naci\u00f3n triqui para servir a los intereses de algunos funcionarios y caciques regionales.<\/p>\n\n\n\n<p>\u201cAct\u00faan por el poder electoral que se avecina y contra la mesa de paz; argumentan que el bloqueo del camino a las comunidades del MULT es porque no entregamos a un asesino de nombre \u2018C\u00e1ndido\u2019\u201d, precis\u00f3 la organizaci\u00f3n que preside el ex dirigente de la Secci\u00f3n 22 del SNTE, Rogelio Pensamiento, en un comunicado.<\/p>\n\n\n\n<p>El pasado 13 de octubre fue baleado Epifanio Mart\u00ednez de Jes\u00fas, en inmediaciones de Santiago Juxtlahuaca; tras ser llevado al hospital del IMSS, el d\u00eda 15 perdi\u00f3 la vida a causa de la gravedad de las heridas; desde entonces la situaci\u00f3n se ha tornado cr\u00edtica.<\/p>\n\n\n\n<figure class=\"wp-block-image size-large\"><img decoding=\"async\" width=\"1024\" height=\"538\" src=\"http:\/\/www.zonaroja.com.mx\/wp-content\/uploads\/2020\/10\/Comunicado-MULT-1024x538.jpg\" alt=\"\" class=\"wp-image-19284\" srcset=\"https:\/\/zonaroja.com.mx\/wp-content\/uploads\/2020\/10\/Comunicado-MULT-1024x538.jpg 1024w, https:\/\/zonaroja.com.mx\/wp-content\/uploads\/2020\/10\/Comunicado-MULT-300x158.jpg 300w, https:\/\/zonaroja.com.mx\/wp-content\/uploads\/2020\/10\/Comunicado-MULT-768x404.jpg 768w, https:\/\/zonaroja.com.mx\/wp-content\/uploads\/2020\/10\/Comunicado-MULT-1170x615.jpg 1170w, https:\/\/zonaroja.com.mx\/wp-content\/uploads\/2020\/10\/Comunicado-MULT-585x308.jpg 585w, https:\/\/zonaroja.com.mx\/wp-content\/uploads\/2020\/10\/Comunicado-MULT.jpg 1280w\" sizes=\"(max-width: 1024px) 100vw, 1024px\" \/><\/figure>\n\n\n\n<p>Para exigir la intervenci\u00f3n de la Secretar\u00eda General de Gobierno y presionar a que se retiren los bloqueos, el MULT anunci\u00f3 un plan de acci\u00f3n:<\/p>\n\n\n\n<p>a) El 27 de octubre de 2020, instalaci\u00f3n e inicio de la huelga de hambre en la Alameda de Le\u00f3n, Oaxaca, con un primer huelguista.<\/p>\n\n\n\n<p>b) El 28 de octubre de 2020, instalaci\u00f3n del segundo campamento y huelga de hambre frente a Palacio de Gobierno, con un segundo huelguista.<\/p>\n\n\n\n<p>c) El 29 de octubre de 2020, instalaci\u00f3n del tercer campamento y huelga de hambre frente a la Casa de Gobierno, con un tercer huelguista.<\/p>\n\n\n\n<p>d) El 30 de octubre de 2020, instalaci\u00f3n del cuarto campamento y huelga de hambre frente a la Defensor\u00eda de los Derechos Humanos del Pueblo de Oaxaca con el cuarto huelguista.<\/p>\n\n\n\n<p>e) El 1 de noviembre de 2020, instalaci\u00f3n del quinto campamento y huelga de hambre frente a la puerta de ciudad administrativa.<\/p>\n\n\n\n<p>f) A partir del 1 de noviembre, acci\u00f3n pol\u00edtica pac\u00edfica de gran impacto nacional e internacional.<\/p>\n\n\n\n<p>Adem\u00e1s, preparan una marcha masiva para el 5 de diciembre del monumento a la Madre al z\u00f3calo de la capital oaxaque\u00f1a.<\/p>\n","protected":false},"excerpt":{"rendered":"<p>Ismael Garc\u00eda M.\/Zona Roja. Oaxaca de Ju\u00e1rez, Oax., 27 de octubre de 2020.- El conflicto&hellip;<\/p>\n","protected":false},"author":2,"featured_media":4831,"comment_status":"closed","ping_status":"open","sticky":false,"template":"","format":"standard","meta":{"_lmt_disableupdate":"","_lmt_disable":"","_jetpack_memberships_contains_paid_content":false,"footnotes":""},"categories":[109,47],"tags":[732],"class_list":["post-19283","post","type-post","status-publish","format-standard","has-post-thumbnail","hentry","category-minuto-a-minuto","category-zona-gris","tag-movimiento-de-unificacion-y-lucha-triqui"],"jetpack_featured_media_url":"https:\/\/zonaroja.com.mx\/wp-content\/uploads\/2019\/10\/MULT.png","jetpack_sharing_enabled":true,"_links":{"self":[{"href":"https:\/\/zonaroja.com.mx\/index.php?rest_route=\/wp\/v2\/posts\/19283","targetHints":{"allow":["GET"]}}],"collection":[{"href":"https:\/\/zonaroja.com.mx\/index.php?rest_route=\/wp\/v2\/posts"}],"about":[{"href":"https:\/\/zonaroja.com.mx\/index.php?rest_route=\/wp\/v2\/types\/post"}],"author":[{"embeddable":true,"href":"https:\/\/zonaroja.com.mx\/index.php?rest_route=\/wp\/v2\/users\/2"}],"replies":[{"embeddable":true,"href":"https:\/\/zonaroja.com.mx\/index.php?rest_route=%2Fwp%2Fv2%2Fcomments&post=19283"}],"version-history":[{"count":1,"href":"https:\/\/zonaroja.com.mx\/index.php?rest_route=\/wp\/v2\/posts\/19283\/revisions"}],"predecessor-version":[{"id":19285,"href":"https:\/\/zonaroja.com.mx\/index.php?rest_route=\/wp\/v2\/posts\/19283\/revisions\/19285"}],"wp:featuredmedia":[{"embeddable":true,"href":"https:\/\/zonaroja.com.mx\/index.php?rest_route=\/wp\/v2\/media\/4831"}],"wp:attachment":[{"href":"https:\/\/zonaroja.com.mx\/index.php?rest_route=%2Fwp%2Fv2%2Fmedia&parent=19283"}],"wp:term":[{"taxonomy":"category","embeddable":true,"href":"https:\/\/zonaroja.com.mx\/index.php?rest_route=%2Fwp%2Fv2%2Fcategories&post=19283"},{"taxonomy":"post_tag","embeddable":true,"href":"https:\/\/zonaroja.com.mx\/index.php?rest_route=%2Fwp%2Fv2%2Ftags&post=19283"}],"curies":[{"name":"wp","href":"https:\/\/api.w.org\/{rel}","templated":true}]}}