{"id":19289,"date":"2020-10-27T09:36:26","date_gmt":"2020-10-27T15:36:26","guid":{"rendered":"http:\/\/www.zonaroja.com.mx\/?p=19289"},"modified":"2020-10-27T09:36:31","modified_gmt":"2020-10-27T15:36:31","slug":"llama-diputada-a-municipios-a-frenar-consumo-de-alimentos-ultraprocesados","status":"publish","type":"post","link":"https:\/\/zonaroja.com.mx\/?p=19289","title":{"rendered":"Llama diputada a municipios a frenar consumo de alimentos ultraprocesados"},"content":{"rendered":"\n<p>Redacci\u00f3n\/Zona Roja.<\/p>\n\n\n\n<p>Oaxaca de Ju\u00e1rez, Oax., 27 de octubre de 2020.- La diputada Magaly L\u00f3pez Dom\u00ednguez, present\u00f3 a la Diputaci\u00f3n Permanente del Congreso Local, la iniciativa de proposici\u00f3n con Punto de Acuerdo, mediante la cual se busca exhortar a las autoridades de los 570 municipios de la entidad oaxaque\u00f1a a que brinden informaci\u00f3n nutricional a sus habitantes.<\/p>\n\n\n\n<p>La propuesta&nbsp; legislativa pide espec\u00edficamente otorgar informaci\u00f3n acerca de los riesgos que implica el consumo de alimentos ultra procesados.<\/p>\n\n\n\n<p>Adem\u00e1s, se exhorta a los integrantes de los ayuntamientos a que en la medida de sus posibilidades promuevan el consumo de productos locales, fortaleciendo as\u00ed la salud de sus habitantes, la econom\u00eda de sus municipios y la restauraci\u00f3n de los ecosistemas.<\/p>\n\n\n\n<p>La diputada L\u00f3pez Dom\u00ednguez, promotora de la iniciativa antes mencionada, se\u00f1al\u00f3 que en Oaxaca se cuenta con una importante proporci\u00f3n de personas adultas j\u00f3venes que tienen complicaciones, la m\u00e1s frecuente es la obesidad, y tambi\u00e9n diabetes e hipertensi\u00f3n,&nbsp; enfermedades cr\u00f3nicas asociadas con la mala nutrici\u00f3n.<\/p>\n\n\n\n<p>A\u00f1adi\u00f3 que seg\u00fan la Secretar\u00eda de Salud,&nbsp; la mala alimentaci\u00f3n es causante de la mitad de las muertes en M\u00e9xico; en promedio mueren al a\u00f1o 600 mil personas, en 2018 murieron m\u00e1s de 722 mil personas, la mitad de las personas que murieron ese a\u00f1o, y desde hace doce a\u00f1os, mueren por alguna causa que est\u00e1 relacionada con la mala alimentaci\u00f3n<\/p>\n\n\n\n<p>Se\u00f1al\u00f3 que los alimentos industrializados a los que tiene acceso la mayor\u00eda de la poblaci\u00f3n, no s\u00f3lo incumplen con las normas mexicanas respectivas, sino que contienen en exceso diversas sustancias por las cuales, su consumo habitual es da\u00f1ino para la salud.<\/p>\n\n\n\n<p>Adem\u00e1s de una excesiva oferta de estos productos industrializados y bebidas tambi\u00e9n, como las bebidas azucaradas, que tienen enormes concentraciones de az\u00facar, y es lo que est\u00e1 m\u00e1s disponible, incluso dijo, en t\u00e9rminos de precio: conseguir un alimento saludable, frutas, verduras, un alimento rico en prote\u00ednas, es m\u00e1s dif\u00edcil que conseguir uno de estos productos de baja calidad.<\/p>\n\n\n\n<p>L\u00f3pez Dom\u00ednguez expuso que hoy las enfermedades cr\u00f3nico degenerativas a causa de la mala alimentaci\u00f3n han tenido un impacto important\u00edsimo en c\u00f3mo se vive en M\u00e9xico la pandemia por Covid-19.<\/p>\n\n\n\n<p>Urgi\u00f3 generar sinergias en los tres niveles de gobierno que permitan avanzar en la disminuci\u00f3n de la ingesta de productos ultraprocesados y aumentar el consumo de productos locales en las y los habitantes del estado.<\/p>\n\n\n\n<p>Mencion\u00f3 que al disminuir la ingesta de productos ultra procesados y aumentar el consumo de productos locales, se genera un beneficio econ\u00f3mico al fortalecer las cadenas locales de producci\u00f3n y distribuci\u00f3n, lo que redunda adem\u00e1s en la seguridad alimentaria y, en el \u00e1mbito macro, en la restauraci\u00f3n de los ecosistemas, al disminuir la producci\u00f3n intensiva para solucionar la demanda de la industria alimentaria.<\/p>\n\n\n\n<p>La proposici\u00f3n con Punto de Acuerdo presentada por la diputada morenista a la diputaci\u00f3n permanente, se turn\u00f3 a la comisi\u00f3n correspondiente para su an\u00e1lisis y dictamen.<\/p>\n","protected":false},"excerpt":{"rendered":"<p>Redacci\u00f3n\/Zona Roja. Oaxaca de Ju\u00e1rez, Oax., 27 de octubre de 2020.- La diputada Magaly L\u00f3pez&hellip;<\/p>\n","protected":false},"author":2,"featured_media":19290,"comment_status":"closed","ping_status":"open","sticky":false,"template":"","format":"standard","meta":{"_lmt_disableupdate":"","_lmt_disable":"","_jetpack_memberships_contains_paid_content":false,"footnotes":""},"categories":[1],"tags":[],"class_list":["post-19289","post","type-post","status-publish","format-standard","has-post-thumbnail","hentry","category-sin-categoria"],"jetpack_featured_media_url":"https:\/\/zonaroja.com.mx\/wp-content\/uploads\/2020\/10\/Diputada-Magaly.png","jetpack_sharing_enabled":true,"_links":{"self":[{"href":"https:\/\/zonaroja.com.mx\/index.php?rest_route=\/wp\/v2\/posts\/19289","targetHints":{"allow":["GET"]}}],"collection":[{"href":"https:\/\/zonaroja.com.mx\/index.php?rest_route=\/wp\/v2\/posts"}],"about":[{"href":"https:\/\/zonaroja.com.mx\/index.php?rest_route=\/wp\/v2\/types\/post"}],"author":[{"embeddable":true,"href":"https:\/\/zonaroja.com.mx\/index.php?rest_route=\/wp\/v2\/users\/2"}],"replies":[{"embeddable":true,"href":"https:\/\/zonaroja.com.mx\/index.php?rest_route=%2Fwp%2Fv2%2Fcomments&post=19289"}],"version-history":[{"count":1,"href":"https:\/\/zonaroja.com.mx\/index.php?rest_route=\/wp\/v2\/posts\/19289\/revisions"}],"predecessor-version":[{"id":19291,"href":"https:\/\/zonaroja.com.mx\/index.php?rest_route=\/wp\/v2\/posts\/19289\/revisions\/19291"}],"wp:featuredmedia":[{"embeddable":true,"href":"https:\/\/zonaroja.com.mx\/index.php?rest_route=\/wp\/v2\/media\/19290"}],"wp:attachment":[{"href":"https:\/\/zonaroja.com.mx\/index.php?rest_route=%2Fwp%2Fv2%2Fmedia&parent=19289"}],"wp:term":[{"taxonomy":"category","embeddable":true,"href":"https:\/\/zonaroja.com.mx\/index.php?rest_route=%2Fwp%2Fv2%2Fcategories&post=19289"},{"taxonomy":"post_tag","embeddable":true,"href":"https:\/\/zonaroja.com.mx\/index.php?rest_route=%2Fwp%2Fv2%2Ftags&post=19289"}],"curies":[{"name":"wp","href":"https:\/\/api.w.org\/{rel}","templated":true}]}}