{"id":19292,"date":"2020-10-27T09:40:07","date_gmt":"2020-10-27T15:40:07","guid":{"rendered":"http:\/\/www.zonaroja.com.mx\/?p=19292"},"modified":"2020-10-27T09:40:11","modified_gmt":"2020-10-27T15:40:11","slug":"en-oaxaca-73-suicidios-de-mujeres-en-los-ultimos-cuatro-anos","status":"publish","type":"post","link":"https:\/\/zonaroja.com.mx\/?p=19292","title":{"rendered":"En Oaxaca, 73 suicidios de mujeres en los \u00faltimos cuatro a\u00f1os"},"content":{"rendered":"\n<p>Evlin Arag\u00f3n\/Zona Roja.<\/p>\n\n\n\n<p>Oaxaca de Ju\u00e1rez, Oax., 27 de octubre de 2020.- Al menos 73 suicidios de mujeres se han registrado de diciembre del 2016 a la fecha, 42 por ciento de las v\u00edctimas ten\u00eda entre 11 y 20 a\u00f1o y 19 por ciento entre 21 y 30 a\u00f1os, lo cual representa 60 por ciento del total de los casos en la entidad oaxaque\u00f1a y es tambi\u00e9n resultado de la violencia de g\u00e9nero que impera en la sociedad.<\/p>\n\n\n\n<p>\u201cEs com\u00fan encontrar que las razones que las llevan a tomar esa decisi\u00f3n tienen que ver con la falta de compresi\u00f3n, de escucha, de apoyo familiar, enfrentar la presi\u00f3n extrema en el \u00e1mbito escolar, falta de respeto a la integridad, o ser acosadas o abusadas sexualmente\u201d.&nbsp;<\/p>\n\n\n\n<p>As\u00ed lo refiere Consorcio Oaxaca, organizaci\u00f3n feminista que lleva a cabo un recuento hemerogr\u00e1fico, a trav\u00e9s de su Plataforma de Violencia Feminicida, la cual tambi\u00e9n registra los casos de suicidio reportados en los dos principales diarios de circulaci\u00f3n local.<\/p>\n\n\n\n<p>De acuerdo con los datos expuestos, 85 por ciento del total de los suicidios se registran en las cinco regiones con los \u00edndices m\u00e1s altos de violencia feminicida: Valles Centrales con 31 casos; Costa con 9 casos; Istmo con 8; Mixteca y Papaloapan con 7 casos cada una.<\/p>\n\n\n\n<p>Fue el trienio 2017-2019 el que registro el 90 por ciento del total de los suicidios de mujeres: 19 casos en 2017;27 en el 2018; y 20 casos en 2019. Mientras que en el 2020 se han registrado cinco casos, de los cuales tres han ocurrido en el periodo de confinamiento por Covid-19.<\/p>\n\n\n\n<p>Amas de casa, estudiantes y empleadas son las principales ocupaciones registradas de las mujeres que se quitaron la vida, siendo el m\u00ednimo de casos del que se conoce este dato.<\/p>\n\n\n\n<p>La organizaci\u00f3n feminista observa que en el 71 por ciento de los suicidios no se especifica la ocupaci\u00f3n de las mujeres, situaci\u00f3n similar que sucede con los registros de desaparecidas, feminicidios, violencia familia y delitos sexuales, situaci\u00f3n que ha sido descrita por Rita Segato como la \u201cespectacularizaci\u00f3n de la violencia de g\u00e9nero\u201d en donde se deja de hablar del suicido en los medios para evitar que la pr\u00e1ctica se repita, ello sin \u00e9xito.&nbsp;<\/p>\n\n\n\n<p>De acuerdo con las especialistas, la depresi\u00f3n constituye un problema importante de salud p\u00fablica y esta relaciona con otras conductas como adicciones, violencia y suicidio, raz\u00f3n por la que indicaron debe ser atendida por las autoridades en la materia, a fin de evitar que las cifras de casos sigan al alza en la entidad.<\/p>\n","protected":false},"excerpt":{"rendered":"<p>Evlin Arag\u00f3n\/Zona Roja. Oaxaca de Ju\u00e1rez, Oax., 27 de octubre de 2020.- Al menos 73&hellip;<\/p>\n","protected":false},"author":2,"featured_media":19293,"comment_status":"closed","ping_status":"open","sticky":false,"template":"","format":"standard","meta":{"_lmt_disableupdate":"","_lmt_disable":"","_jetpack_memberships_contains_paid_content":false,"footnotes":""},"categories":[109,47],"tags":[1093,2144],"class_list":["post-19292","post","type-post","status-publish","format-standard","has-post-thumbnail","hentry","category-minuto-a-minuto","category-zona-gris","tag-consorcio-para-el-dialogo-oaxaca","tag-suicidios-de-mujeres-en-oaxaca"],"jetpack_featured_media_url":"https:\/\/zonaroja.com.mx\/wp-content\/uploads\/2020\/10\/1-3.jpg","jetpack_sharing_enabled":true,"_links":{"self":[{"href":"https:\/\/zonaroja.com.mx\/index.php?rest_route=\/wp\/v2\/posts\/19292","targetHints":{"allow":["GET"]}}],"collection":[{"href":"https:\/\/zonaroja.com.mx\/index.php?rest_route=\/wp\/v2\/posts"}],"about":[{"href":"https:\/\/zonaroja.com.mx\/index.php?rest_route=\/wp\/v2\/types\/post"}],"author":[{"embeddable":true,"href":"https:\/\/zonaroja.com.mx\/index.php?rest_route=\/wp\/v2\/users\/2"}],"replies":[{"embeddable":true,"href":"https:\/\/zonaroja.com.mx\/index.php?rest_route=%2Fwp%2Fv2%2Fcomments&post=19292"}],"version-history":[{"count":1,"href":"https:\/\/zonaroja.com.mx\/index.php?rest_route=\/wp\/v2\/posts\/19292\/revisions"}],"predecessor-version":[{"id":19294,"href":"https:\/\/zonaroja.com.mx\/index.php?rest_route=\/wp\/v2\/posts\/19292\/revisions\/19294"}],"wp:featuredmedia":[{"embeddable":true,"href":"https:\/\/zonaroja.com.mx\/index.php?rest_route=\/wp\/v2\/media\/19293"}],"wp:attachment":[{"href":"https:\/\/zonaroja.com.mx\/index.php?rest_route=%2Fwp%2Fv2%2Fmedia&parent=19292"}],"wp:term":[{"taxonomy":"category","embeddable":true,"href":"https:\/\/zonaroja.com.mx\/index.php?rest_route=%2Fwp%2Fv2%2Fcategories&post=19292"},{"taxonomy":"post_tag","embeddable":true,"href":"https:\/\/zonaroja.com.mx\/index.php?rest_route=%2Fwp%2Fv2%2Ftags&post=19292"}],"curies":[{"name":"wp","href":"https:\/\/api.w.org\/{rel}","templated":true}]}}