{"id":19295,"date":"2020-10-27T16:02:51","date_gmt":"2020-10-27T22:02:51","guid":{"rendered":"http:\/\/www.zonaroja.com.mx\/?p=19295"},"modified":"2020-10-27T16:02:57","modified_gmt":"2020-10-27T22:02:57","slug":"reprocha-el-congreso-a-fiscalia-de-oaxaca-nulos-resultados","status":"publish","type":"post","link":"https:\/\/zonaroja.com.mx\/?p=19295","title":{"rendered":"Reprocha el Congreso a Fiscal\u00eda de Oaxaca nulos resultados"},"content":{"rendered":"\n<p>Redacci\u00f3n\/Zona Roja.<\/p>\n\n\n\n<p>Oaxaca de Ju\u00e1rez, Oax., 27 de octubre de 2020.- Integrantes de la 64 Legislatura del Congreso local, demandaron a la Fiscal\u00eda General del Estado de Oaxaca (FGEO), redoblar esfuerzos y atender las exigencias de resultados y justicia del pueblo oaxaque\u00f1o.<\/p>\n\n\n\n<p>Durante el acto protocolario de recepci\u00f3n del Tercer Informe de la Fiscal\u00eda, el presidente de la Mesa Directiva, Jorge Octavo Villaca\u00f1a Jim\u00e9nez, llam\u00f3 al titular de la dependencia, Rub\u00e9n Vasconcelos M\u00e9ndez, a redoblar los trabajos institucionales.<\/p>\n\n\n\n<p>\u201cHacemos un exhorto para que los esfuerzos desarrollados por la dependencia se puedan redoblar, ya que Oaxaca se encuentra en una emergencia judicial y de seguridad que seguramente se agravar\u00e1 debido a la crisis econ\u00f3mica provocada por la Covid-19. Queremos que el exhorto hecho hoy no caiga en tierra inf\u00e9rtil\u201d, dijo.<\/p>\n\n\n\n<p>Refrend\u00f3 el apoyo de las diversas fuerzas pol\u00edticas que conforman la 64 Legislatura; pero tambi\u00e9n, advirti\u00f3 que el Poder Legislativo estar\u00e1 pendiente del actuar cotidiano de este \u00f3rgano constitucionalmente aut\u00f3nomo.<\/p>\n\n\n\n<p>En tanto, el presidente de la Junta de Coordinaci\u00f3n Pol\u00edtica, Horacio Sosa Villavicencio, se\u00f1al\u00f3 que revisar\u00e1n cuidadosamente el informe entregado. \u201cCreemos que la realidad del Estado es otra, ahora nos dan unos n\u00fameros importantes; sin embargo, el pueblo de Oaxaca exige justicia\u201d, dijo.<\/p>\n\n\n\n<figure class=\"wp-block-embed-twitter wp-block-embed is-type-rich is-provider-twitter\"><div class=\"wp-block-embed__wrapper\">\n<div class=\"twitter-tweet\"><blockquote class=\"twitter-tweet\" data-lang=\"es\"><p lang=\"es\" dir=\"ltr\">\ud83d\udcdd Recibimos el informe anual del Fiscal General del Estado, <a href=\"https:\/\/twitter.com\/RVasconcelosM?ref_src=twsrc%5Etfw\">@RVasconcelosM<\/a>.<br>Proceder\u00e1 un an\u00e1lisis puntual, el pueblo de <a href=\"https:\/\/twitter.com\/hashtag\/Oaxaca?src=hash&amp;ref_src=twsrc%5Etfw\">#Oaxaca<\/a> permanece herida por las constantes cifras de impunidad e injusticia.<a href=\"https:\/\/twitter.com\/hashtag\/DiputadoHoracioSosa?src=hash&amp;ref_src=twsrc%5Etfw\">#DiputadoHoracioSosa<\/a> <a href=\"https:\/\/t.co\/U46qQ1pHis\">pic.twitter.com\/U46qQ1pHis<\/a><\/p>&mdash; Horacio Sosa (@HoracioSosaOax) <a href=\"https:\/\/twitter.com\/HoracioSosaOax\/status\/1321158344778960904?ref_src=twsrc%5Etfw\">27 de octubre de 2020<\/a><\/blockquote><\/div>\n<\/div><\/figure>\n\n\n\n<p>Abund\u00f3 que el Congreso requiere respuestas y resultados a las exigencias, manifestaciones y demandas de justicia. Respecto a estad\u00edsticas de los casos de feminicidios otorgadas durante la recepci\u00f3n del informe, precis\u00f3 contar con otros datos, por lo que se har\u00e1n las observaciones pertinentes.<\/p>\n\n\n\n<p>Sosa Villavicencio dejo firme el compromiso del Congreso de Oaxaca para unir esfuerzos con el Poder Ejecutivo y la Fiscal\u00eda de Justicia, para darle mayor presupuesto a la dependencia.<\/p>\n\n\n\n<p>Al acto asistieron las diputadas, Hilda Graciela P\u00e9rez Luis, Migdalia Espinosa Manuel, In\u00e9s Leal Pel\u00e1ez y el congresista, Sa\u00fal Cruz Jim\u00e9nez, integrantes de la Mesa Directiva.<\/p>\n\n\n\n<p>El informe entregado por la FGEO, ser\u00e1 turnado a las comisiones permanentes respectivas para su glosa y correspondientes observaciones.<\/p>\n","protected":false},"excerpt":{"rendered":"<p>Redacci\u00f3n\/Zona Roja. Oaxaca de Ju\u00e1rez, Oax., 27 de octubre de 2020.- Integrantes de la 64&hellip;<\/p>\n","protected":false},"author":2,"featured_media":19296,"comment_status":"closed","ping_status":"open","sticky":false,"template":"","format":"standard","meta":{"_lmt_disableupdate":"","_lmt_disable":"","_jetpack_memberships_contains_paid_content":false,"footnotes":""},"categories":[109,47],"tags":[494,444],"class_list":["post-19295","post","type-post","status-publish","format-standard","has-post-thumbnail","hentry","category-minuto-a-minuto","category-zona-gris","tag-fiscalia-general-del-estado-de-oaxaca","tag-horacio-sosa-villavicencio"],"jetpack_featured_media_url":"https:\/\/zonaroja.com.mx\/wp-content\/uploads\/2020\/10\/FOTO-2.1-Demanda-Congreso-a-Fiscalia-de-Oaxaca-redoblar-esfuerzo-y-entregar-resultados-a-demandas-de-justicia.jpeg","jetpack_sharing_enabled":true,"_links":{"self":[{"href":"https:\/\/zonaroja.com.mx\/index.php?rest_route=\/wp\/v2\/posts\/19295","targetHints":{"allow":["GET"]}}],"collection":[{"href":"https:\/\/zonaroja.com.mx\/index.php?rest_route=\/wp\/v2\/posts"}],"about":[{"href":"https:\/\/zonaroja.com.mx\/index.php?rest_route=\/wp\/v2\/types\/post"}],"author":[{"embeddable":true,"href":"https:\/\/zonaroja.com.mx\/index.php?rest_route=\/wp\/v2\/users\/2"}],"replies":[{"embeddable":true,"href":"https:\/\/zonaroja.com.mx\/index.php?rest_route=%2Fwp%2Fv2%2Fcomments&post=19295"}],"version-history":[{"count":1,"href":"https:\/\/zonaroja.com.mx\/index.php?rest_route=\/wp\/v2\/posts\/19295\/revisions"}],"predecessor-version":[{"id":19297,"href":"https:\/\/zonaroja.com.mx\/index.php?rest_route=\/wp\/v2\/posts\/19295\/revisions\/19297"}],"wp:featuredmedia":[{"embeddable":true,"href":"https:\/\/zonaroja.com.mx\/index.php?rest_route=\/wp\/v2\/media\/19296"}],"wp:attachment":[{"href":"https:\/\/zonaroja.com.mx\/index.php?rest_route=%2Fwp%2Fv2%2Fmedia&parent=19295"}],"wp:term":[{"taxonomy":"category","embeddable":true,"href":"https:\/\/zonaroja.com.mx\/index.php?rest_route=%2Fwp%2Fv2%2Fcategories&post=19295"},{"taxonomy":"post_tag","embeddable":true,"href":"https:\/\/zonaroja.com.mx\/index.php?rest_route=%2Fwp%2Fv2%2Ftags&post=19295"}],"curies":[{"name":"wp","href":"https:\/\/api.w.org\/{rel}","templated":true}]}}