{"id":1931,"date":"2019-06-29T19:53:59","date_gmt":"2019-06-30T00:53:59","guid":{"rendered":"http:\/\/www.zonaroja.com.mx\/?p=1931"},"modified":"2019-06-29T19:54:01","modified_gmt":"2019-06-30T00:54:01","slug":"en-quinto-dia-de-nuevo-titular-de-sspo-cuatro-asesinados","status":"publish","type":"post","link":"https:\/\/zonaroja.com.mx\/?p=1931","title":{"rendered":"En quinto d\u00eda de nuevo titular de SSPO: cuatro asesinados"},"content":{"rendered":"\n<p>Redacci\u00f3n<\/p>\n\n\n\n<p>Oaxaca de\nJu\u00e1rez, Oax.- En las \u00faltimas horas y en el quinto d\u00eda de nuevo titular de la\nSecretar\u00eda de Seguridad P\u00fablica, cuatro personas han sido asesinadas a balazos,\nen las regiones Istmo de Tehuantepec y Costa.<\/p>\n\n\n\n<p>De acuerdo\ncon informes policiales, alrededor de las 21:30 horas, en el fraccionamiento La\nNoria de Santo Domingo Tehuantepec, fue asesinada a balazos una persona que se\ndesplazaba en silla de ruedas. <\/p>\n\n\n\n<p>Hasta este\nmomento no ha sido identificada y seg\u00fan reportes de los vecinos, fue un\nindividuo que lo ultim\u00f3 con disparos de armas de fuego.<\/p>\n\n\n\n<p>La ma\u00f1ana de\neste s\u00e1bado, en La Crucecita, Santa Cruz Huatulco, fue ultimada a balazos una\npersona del sexo masculino, identificada como No\u00e9 de Jes\u00fas Luna Mena, de 21\na\u00f1os de edad, originario de Juchit\u00e1n; presuntamente fue a causa de una ri\u00f1a.<\/p>\n\n\n\n<p>Posteriormente,\nen la colonia Juquilita de Salina Cruz, fueron ultimados a balazos dos\nindividuos. <\/p>\n\n\n\n<p>Fueron\nidentificados como \u00c1ngel Manuel M. M., de 39 a\u00f1os de edad, con domicilio\navenida 5 de Mayo de la colonia Juquilita, y Sodel J. M., de 51 a\u00f1os, de oficio\ntaxista que tuvo su vivienda en la avenida Francisco Villa de la colonia\nHidalgo Oriente.<\/p>\n\n\n\n<p>En los\ncuatro casos no hay personas detenidas, seg\u00fan reportaron autoridades policiacas\ny de procuraci\u00f3n de justicia.<\/p>\n","protected":false},"excerpt":{"rendered":"<p>Redacci\u00f3n Oaxaca de Ju\u00e1rez, Oax.- En las \u00faltimas horas y en el quinto d\u00eda de&hellip;<\/p>\n","protected":false},"author":2,"featured_media":1932,"comment_status":"closed","ping_status":"open","sticky":false,"template":"","format":"standard","meta":{"_lmt_disableupdate":"","_lmt_disable":"","_jetpack_memberships_contains_paid_content":false,"footnotes":""},"categories":[109,51],"tags":[270,58,168,125],"class_list":["post-1931","post","type-post","status-publish","format-standard","has-post-thumbnail","hentry","category-minuto-a-minuto","category-zona-roja","tag-la-crucecita-santa-cruz-huatulco","tag-oaxaca","tag-salina-cruz","tag-santo-domingo-tehuantepec"],"jetpack_featured_media_url":"https:\/\/zonaroja.com.mx\/wp-content\/uploads\/2019\/06\/Asesinado-en-La-Crucecita-Santa-Cruz-Huatulco.jpg","jetpack_sharing_enabled":true,"_links":{"self":[{"href":"https:\/\/zonaroja.com.mx\/index.php?rest_route=\/wp\/v2\/posts\/1931","targetHints":{"allow":["GET"]}}],"collection":[{"href":"https:\/\/zonaroja.com.mx\/index.php?rest_route=\/wp\/v2\/posts"}],"about":[{"href":"https:\/\/zonaroja.com.mx\/index.php?rest_route=\/wp\/v2\/types\/post"}],"author":[{"embeddable":true,"href":"https:\/\/zonaroja.com.mx\/index.php?rest_route=\/wp\/v2\/users\/2"}],"replies":[{"embeddable":true,"href":"https:\/\/zonaroja.com.mx\/index.php?rest_route=%2Fwp%2Fv2%2Fcomments&post=1931"}],"version-history":[{"count":1,"href":"https:\/\/zonaroja.com.mx\/index.php?rest_route=\/wp\/v2\/posts\/1931\/revisions"}],"predecessor-version":[{"id":1933,"href":"https:\/\/zonaroja.com.mx\/index.php?rest_route=\/wp\/v2\/posts\/1931\/revisions\/1933"}],"wp:featuredmedia":[{"embeddable":true,"href":"https:\/\/zonaroja.com.mx\/index.php?rest_route=\/wp\/v2\/media\/1932"}],"wp:attachment":[{"href":"https:\/\/zonaroja.com.mx\/index.php?rest_route=%2Fwp%2Fv2%2Fmedia&parent=1931"}],"wp:term":[{"taxonomy":"category","embeddable":true,"href":"https:\/\/zonaroja.com.mx\/index.php?rest_route=%2Fwp%2Fv2%2Fcategories&post=1931"},{"taxonomy":"post_tag","embeddable":true,"href":"https:\/\/zonaroja.com.mx\/index.php?rest_route=%2Fwp%2Fv2%2Ftags&post=1931"}],"curies":[{"name":"wp","href":"https:\/\/api.w.org\/{rel}","templated":true}]}}