{"id":19310,"date":"2020-10-27T21:23:27","date_gmt":"2020-10-28T03:23:27","guid":{"rendered":"http:\/\/www.zonaroja.com.mx\/?p=19310"},"modified":"2020-10-27T21:23:31","modified_gmt":"2020-10-28T03:23:31","slug":"se-inconforman-familiares-por-lentitud-para-recoger-pertenencias-de-reclusos","status":"publish","type":"post","link":"https:\/\/zonaroja.com.mx\/?p=19310","title":{"rendered":"Se inconforman familiares por lentitud para recoger pertenencias de reclusos"},"content":{"rendered":"\n<p>Yuridiana Sosa\/Zona Roja.<\/p>\n\n\n\n<p>Oaxaca de Ju\u00e1rez, Oax., 27 de octubre de 2020.- A\u00fan cerrado el antiguo penal de Santa Mar\u00eda Ixcotel, fue escenario de una protesta la tarde de este martes. Ahora por los familiares de las personas privadas de la libertad que fueron trasladados de \u00e9ste a otros centros penitenciarios este lunes.<\/p>\n\n\n\n<p>Decenas de hombres y mujeres acudieron este martes a la penitenciar\u00eda de Ixcotel, en el municipio conurbada de Santa Luc\u00eda del Camino, para llevarse las pertenencias de su familiar interno, pero el proceso fue lento, burocr\u00e1tico y largo hasta colmarles la paciencia.<\/p>\n\n\n\n<p>Luego del traslado de 906 internos la madrugada del lunes, los familiares comenzaron a reunirse al exterior del ahora antiguo penal para reclamar las pertenencias de su familiar y saber a qu\u00e9 penal hab\u00eda sido transferido, pues tambi\u00e9n denunciaron que desconoc\u00edan de este procedimiento.<\/p>\n\n\n\n<p>Pero este martes, las filas de los interesados por ingresar al viejo centro de readaptaci\u00f3n comenzaron desde las 06:00 horas.<\/p>\n\n\n\n<p>Despu\u00e9s del mediod\u00eda, conforme el calor y la intensidad del sol se incrementaron, los \u00e1nimos de las personas tambi\u00e9n llegaban a su punto m\u00e1ximo de tolerancia.<\/p>\n\n\n\n<p>Algunas mujeres, esposas y madres de detenidos, denunciaron que les pidieron por escrito la petici\u00f3n de ingreso, pero a pesar de cumplir con el requisito no les permit\u00edan el ingreso y tem\u00edan de volver a hacer fila un d\u00eda m\u00e1s, pues deb\u00edan trabajar.<\/p>\n\n\n\n<p>Desesperados, los familiares se agruparon sobre las vallas met\u00e1licas del acceso al penal para exigir que los dejaran pasar, incluso, algunos advirtieron de un ingreso por la fuerza si no ofrec\u00edan soluci\u00f3n inmediata; pero no pas\u00f3 a mayores.<\/p>\n\n\n\n<figure class=\"wp-block-embed-twitter wp-block-embed is-type-rich is-provider-twitter\"><div class=\"wp-block-embed__wrapper\">\n<div class=\"twitter-tweet\"><blockquote class=\"twitter-tweet\" data-lang=\"es\"><p lang=\"es\" dir=\"ltr\">\u00a1Qu\u00e9 terrible! Por humanidad deben entregar las pertenencias a sus familiares. <a href=\"https:\/\/t.co\/lu5dCIBKCw\">https:\/\/t.co\/lu5dCIBKCw<\/a><\/p>&mdash; rosy ramales (@rosyramales) <a href=\"https:\/\/twitter.com\/rosyramales\/status\/1321218378934210562?ref_src=twsrc%5Etfw\">27 de octubre de 2020<\/a><\/blockquote><\/div>\n<\/div><\/figure>\n\n\n\n<p>El director del recinto, Jos\u00e9 Antonio Carballo, sali\u00f3 para tratar de calmar los \u00e1nimos, pero de poco sirvi\u00f3, sin embargo, les indic\u00f3 que mientras permanecieran en orden podr\u00edan ingresar de acuerdo a los protocolos.&nbsp;<\/p>\n\n\n\n<p>De acuerdo a la log\u00edstica, el ingreso al antiguo centro penitenciario se realiz\u00f3 por grupos de entre 10 o 20 personas.<\/p>\n\n\n\n<p>ZONA ROJA constat\u00f3 que de estas instalaciones sal\u00edan hasta camionetas de fletes y particulares repletas de pertenencias, as\u00ed como taxis, mientras que otros familiares de los internos sacaron sus art\u00edculos en bolsas.<\/p>\n\n\n\n<p>En varios de los casos, con estructuras de maderas que eran parte de sus moldes para realizar sus diversas artesan\u00edas, principalmente para la elaboraci\u00f3n de bolsas. Despu\u00e9s de las 15:00 horas, los \u00e1nimos se calmaron, una vez que comenzaron a reingresar familiares para recoger personalmente las pertenencias de sus presos.<\/p>\n\n\n\n<figure class=\"wp-block-image size-large\"><img decoding=\"async\" width=\"640\" height=\"481\" src=\"http:\/\/www.zonaroja.com.mx\/wp-content\/uploads\/2020\/10\/Familiares-Ixcotel-2.jpg\" alt=\"\" class=\"wp-image-19312\" srcset=\"https:\/\/zonaroja.com.mx\/wp-content\/uploads\/2020\/10\/Familiares-Ixcotel-2.jpg 640w, https:\/\/zonaroja.com.mx\/wp-content\/uploads\/2020\/10\/Familiares-Ixcotel-2-300x225.jpg 300w, https:\/\/zonaroja.com.mx\/wp-content\/uploads\/2020\/10\/Familiares-Ixcotel-2-585x440.jpg 585w\" sizes=\"(max-width: 640px) 100vw, 640px\" \/><\/figure>\n","protected":false},"excerpt":{"rendered":"<p>Yuridiana Sosa\/Zona Roja. Oaxaca de Ju\u00e1rez, Oax., 27 de octubre de 2020.- A\u00fan cerrado el&hellip;<\/p>\n","protected":false},"author":2,"featured_media":19311,"comment_status":"closed","ping_status":"open","sticky":false,"template":"","format":"standard","meta":{"_lmt_disableupdate":"","_lmt_disable":"","_jetpack_memberships_contains_paid_content":false,"footnotes":""},"categories":[109,47],"tags":[1733],"class_list":["post-19310","post","type-post","status-publish","format-standard","has-post-thumbnail","hentry","category-minuto-a-minuto","category-zona-gris","tag-centro-de-reinsercion-social-santa-maria-ixcotel"],"jetpack_featured_media_url":"https:\/\/zonaroja.com.mx\/wp-content\/uploads\/2020\/10\/Familiares-Ixcotel-1.jpg","jetpack_sharing_enabled":true,"_links":{"self":[{"href":"https:\/\/zonaroja.com.mx\/index.php?rest_route=\/wp\/v2\/posts\/19310","targetHints":{"allow":["GET"]}}],"collection":[{"href":"https:\/\/zonaroja.com.mx\/index.php?rest_route=\/wp\/v2\/posts"}],"about":[{"href":"https:\/\/zonaroja.com.mx\/index.php?rest_route=\/wp\/v2\/types\/post"}],"author":[{"embeddable":true,"href":"https:\/\/zonaroja.com.mx\/index.php?rest_route=\/wp\/v2\/users\/2"}],"replies":[{"embeddable":true,"href":"https:\/\/zonaroja.com.mx\/index.php?rest_route=%2Fwp%2Fv2%2Fcomments&post=19310"}],"version-history":[{"count":1,"href":"https:\/\/zonaroja.com.mx\/index.php?rest_route=\/wp\/v2\/posts\/19310\/revisions"}],"predecessor-version":[{"id":19313,"href":"https:\/\/zonaroja.com.mx\/index.php?rest_route=\/wp\/v2\/posts\/19310\/revisions\/19313"}],"wp:featuredmedia":[{"embeddable":true,"href":"https:\/\/zonaroja.com.mx\/index.php?rest_route=\/wp\/v2\/media\/19311"}],"wp:attachment":[{"href":"https:\/\/zonaroja.com.mx\/index.php?rest_route=%2Fwp%2Fv2%2Fmedia&parent=19310"}],"wp:term":[{"taxonomy":"category","embeddable":true,"href":"https:\/\/zonaroja.com.mx\/index.php?rest_route=%2Fwp%2Fv2%2Fcategories&post=19310"},{"taxonomy":"post_tag","embeddable":true,"href":"https:\/\/zonaroja.com.mx\/index.php?rest_route=%2Fwp%2Fv2%2Ftags&post=19310"}],"curies":[{"name":"wp","href":"https:\/\/api.w.org\/{rel}","templated":true}]}}