{"id":19314,"date":"2020-10-27T22:09:29","date_gmt":"2020-10-28T04:09:29","guid":{"rendered":"http:\/\/www.zonaroja.com.mx\/?p=19314"},"modified":"2020-10-27T22:09:33","modified_gmt":"2020-10-28T04:09:33","slug":"restauranteros-de-oaxaca-sin-apoyos-y-con-cierres-masivos-de-negocios","status":"publish","type":"post","link":"https:\/\/zonaroja.com.mx\/?p=19314","title":{"rendered":"Restauranteros de Oaxaca, sin apoyos y con cierres masivos de negocios"},"content":{"rendered":"\n<p>Yuridiana Sosa\/Zona Roja.<\/p>\n\n\n\n<p>Oaxaca de Ju\u00e1rez, Oax., 27 de octubre de 2020.- El Covid-19 no s\u00f3lo ha arrebatado la vida de cientos de oaxaque\u00f1os; tambi\u00e9n ha acabado con fuentes empleo y a\u00f1os de trabajo para las familias que dependen del sector restaurantero de Oaxaca, hoy agonizante ante una contingencia que se prolonga.<\/p>\n\n\n\n<p>En el transcurso de la pandemia, el 40 por ciento de los establecimientos adheridos a la Alianza de Bares Antros y Restaurantes de Oaxaca (ABARO) han cerrado sus puertos, asegur\u00f3 el presidente de la asociaci\u00f3n, Humberto Carlos Cervantes L\u00f3pez.<\/p>\n\n\n\n<p>Con el cierre de las empresas se gener\u00f3 el desempleo para cerca de 500 familias que despend\u00edan de este sector, inform\u00f3 en conferencia de prensa.<\/p>\n\n\n\n<p>Pero a pesar de este escenario para el sector, uno de los que cerr\u00f3 primero y m\u00e1s tard\u00f3 en reiniciar operaciones, los empresarios no han recibido ning\u00fan tipo de apoyo de los gobierno municipal, estatal y federal, indic\u00f3 Cervantes L\u00f3pez.<\/p>\n\n\n\n<p>Demand\u00f3 al Gobierno del Estado y municipal la generaci\u00f3n de actividades que permitan la reactivaci\u00f3n del gremio, el cual tambi\u00e9n ha padecido del acoso para el cumplimiento de las medidas sanitarias.<\/p>\n\n\n\n<figure class=\"wp-block-embed-twitter wp-block-embed is-type-rich is-provider-twitter\"><div class=\"wp-block-embed__wrapper\">\n<div class=\"twitter-tweet\"><blockquote class=\"twitter-tweet\" data-lang=\"es\"><p lang=\"es\" dir=\"ltr\"><a href=\"https:\/\/twitter.com\/hashtag\/ENVIVO?src=hash&amp;ref_src=twsrc%5Etfw\">#ENVIVO<\/a><br>Oaxaca de Ju\u00e1rez, Oax., 27 de octubre de 2020.- Conferencia de prensa restauranteros sobre la crisis econ\u00f3mica del sector comercial ante el Covid-19.<br><br>Aqu\u00ed la transmisi\u00f3n \ud83d\udc47<a href=\"https:\/\/t.co\/UWqoBgdoTF\">https:\/\/t.co\/UWqoBgdoTF<\/a> <a href=\"https:\/\/t.co\/eJJGLNVEwv\">pic.twitter.com\/eJJGLNVEwv<\/a><\/p>&mdash; Zona Roja Oaxaca (@MexRoja) <a href=\"https:\/\/twitter.com\/MexRoja\/status\/1321143647996436485?ref_src=twsrc%5Etfw\">27 de octubre de 2020<\/a><\/blockquote><\/div>\n<\/div><\/figure>\n\n\n\n<p>De 30 mil pesos que se lograban generar como ganancias en una semana, actualmente, luego de lograr abrir sus establecimientos, apenas obtienen para el pago de gastos corrientes y salarios, que es lo principal, destac\u00f3 el presidente de la Alianza.<\/p>\n\n\n\n<p>\u201cEn este giro estamos preocupados, es dif\u00edcil lo que vivimos, los despidos. Es terrible como se van tantos a\u00f1os de trabajo a la basura en pocos meses\u201d, expres\u00f3 a su vez Isaac Cruz, quien tambi\u00e9n se\u00f1al\u00f3 que el sector se ha preocupado por mantener todas las condiciones de higiene para los clientes se sientan seguras, vuelvan y con eso ayudarse a mantener los empleos.<\/p>\n\n\n\n<p>Los empresarios llamaron a las autoridades locales a que, as\u00ed como acosan al sector sobre las medidas sanitarias para dejarlos funcionar, tambi\u00e9n aplique las disposiciones con el comercio informal y en los tianguis, y de esta forma evitar la propagaci\u00f3n del virus.<\/p>\n","protected":false},"excerpt":{"rendered":"<p>Yuridiana Sosa\/Zona Roja. Oaxaca de Ju\u00e1rez, Oax., 27 de octubre de 2020.- El Covid-19 no&hellip;<\/p>\n","protected":false},"author":2,"featured_media":19315,"comment_status":"closed","ping_status":"open","sticky":false,"template":"","format":"standard","meta":{"_lmt_disableupdate":"","_lmt_disable":"","_jetpack_memberships_contains_paid_content":false,"footnotes":""},"categories":[109,47],"tags":[2147],"class_list":["post-19314","post","type-post","status-publish","format-standard","has-post-thumbnail","hentry","category-minuto-a-minuto","category-zona-gris","tag-alianza-de-bares-antros-y-restaurantes-de-oaxaca-abaro"],"jetpack_featured_media_url":"https:\/\/zonaroja.com.mx\/wp-content\/uploads\/2020\/10\/Conferencia-Alianza-de-Bares.jpg","jetpack_sharing_enabled":true,"_links":{"self":[{"href":"https:\/\/zonaroja.com.mx\/index.php?rest_route=\/wp\/v2\/posts\/19314","targetHints":{"allow":["GET"]}}],"collection":[{"href":"https:\/\/zonaroja.com.mx\/index.php?rest_route=\/wp\/v2\/posts"}],"about":[{"href":"https:\/\/zonaroja.com.mx\/index.php?rest_route=\/wp\/v2\/types\/post"}],"author":[{"embeddable":true,"href":"https:\/\/zonaroja.com.mx\/index.php?rest_route=\/wp\/v2\/users\/2"}],"replies":[{"embeddable":true,"href":"https:\/\/zonaroja.com.mx\/index.php?rest_route=%2Fwp%2Fv2%2Fcomments&post=19314"}],"version-history":[{"count":1,"href":"https:\/\/zonaroja.com.mx\/index.php?rest_route=\/wp\/v2\/posts\/19314\/revisions"}],"predecessor-version":[{"id":19316,"href":"https:\/\/zonaroja.com.mx\/index.php?rest_route=\/wp\/v2\/posts\/19314\/revisions\/19316"}],"wp:featuredmedia":[{"embeddable":true,"href":"https:\/\/zonaroja.com.mx\/index.php?rest_route=\/wp\/v2\/media\/19315"}],"wp:attachment":[{"href":"https:\/\/zonaroja.com.mx\/index.php?rest_route=%2Fwp%2Fv2%2Fmedia&parent=19314"}],"wp:term":[{"taxonomy":"category","embeddable":true,"href":"https:\/\/zonaroja.com.mx\/index.php?rest_route=%2Fwp%2Fv2%2Fcategories&post=19314"},{"taxonomy":"post_tag","embeddable":true,"href":"https:\/\/zonaroja.com.mx\/index.php?rest_route=%2Fwp%2Fv2%2Ftags&post=19314"}],"curies":[{"name":"wp","href":"https:\/\/api.w.org\/{rel}","templated":true}]}}