{"id":19326,"date":"2020-10-28T08:08:48","date_gmt":"2020-10-28T14:08:48","guid":{"rendered":"http:\/\/www.zonaroja.com.mx\/?p=19326"},"modified":"2020-10-28T08:10:20","modified_gmt":"2020-10-28T14:10:20","slug":"llamara-congreso-a-comparecer-a-titular-de-semaedeso-por-nulas-acciones","status":"publish","type":"post","link":"https:\/\/zonaroja.com.mx\/?p=19326","title":{"rendered":"Llamar\u00e1 Congreso a comparecer a titular de Semaedeso por nulas acciones"},"content":{"rendered":"\n<p>Redacci\u00f3n\/Zona Roja.<\/p>\n\n\n\n<p>Oaxaca de Ju\u00e1rez, Oax., 28 de octubre de 2020. El Congreso de Oaxaca pedir\u00e1 al titular de la Secretar\u00eda del Medio Ambiente, Energ\u00edas y Desarrollo Sustentable de Oaxaca (Semaedeso), Samuel Gurri\u00f3n Mat\u00edas, informar sobre las sanciones que ha impuesto a las empresas que contin\u00faan con la venta y la distribuci\u00f3n de desechables de unicel y de los productos envasados en botellas de PET.<\/p>\n\n\n\n<p>El presidente de la Junta de Coordinaci\u00f3n Pol\u00edtica en la 64 Legislatura, Horacio Sosa Villavicencio, indic\u00f3 que es responsabilidad de la Secretar\u00eda atender, ordenar, vigilar la ejecuci\u00f3n de dicha disposici\u00f3n jur\u00eddica y, en su caso, sancionar a quienes no cumplan con lo establecido en Ley para la Gesti\u00f3n Integral de los Residuos S\u00f3lidos.<\/p>\n\n\n\n<p>Lament\u00f3 la omisi\u00f3n que ha mostrado la Semaedeso, instancia encargada de preservar el equilibrio ecol\u00f3gico y mitigar los impactos negativos del cambio clim\u00e1tico en Oaxaca, a las disposiciones del Art\u00edculo 98 a la Ley en menci\u00f3n,&nbsp; reforma aprobada en abril de 2019 por el Congreso local.<\/p>\n\n\n\n<p>\u201cPediremos al titular de esta dependencia, Samuel Gurri\u00f3n Mat\u00edas, un informe sobre las acciones de difusi\u00f3n que ha hecho de estas nuevas disposiciones. Tambi\u00e9n, revisaremos las sanciones que ha impuesto a las empresas que contin\u00faan con la venta y distribuci\u00f3n de productos en envases de pet y de desechables de unicel\u201d, apunt\u00f3 el congresista.<\/p>\n\n\n\n<p>Sosa Villavicencio record\u00f3 que el domingo 25 de octubre, venci\u00f3 el plazo de m\u00e1s de un a\u00f1o, que la 64 Legislatura del Congreso local&nbsp; otorg\u00f3 a las empresas para eliminar de su inventario los productos envasados con estos productos.<\/p>\n\n\n\n<p>Las sanciones por el incumplimiento de las nuevas disposiciones son: las diversas ya previstas en el art\u00edculo 108 de la Ley para la Prevenci\u00f3n y Gesti\u00f3n Integral de los Residuos S\u00f3lidos, que incluyen la posibilidad de multas (de diez a cincuenta mil d\u00edas de salario m\u00ednimo), la suspensi\u00f3n o revocaci\u00f3n de concesiones o autorizaciones, decomisos, clausuras temporal o definitiva, e incluso el arresto.<\/p>\n\n\n\n<p>Puntualiz\u00f3 que el Congreso Local no est\u00e1 en contra de los empresarios o del libre comercio, sino a favor del medio ambiente.&nbsp; Por esto, pidi\u00f3 a las grandes empresas que los productos que expenden sean amigables y no contribuyan a la degradaci\u00f3n de la naturaleza.<\/p>\n","protected":false},"excerpt":{"rendered":"<p>Redacci\u00f3n\/Zona Roja. Oaxaca de Ju\u00e1rez, Oax., 28 de octubre de 2020. El Congreso de Oaxaca&hellip;<\/p>\n","protected":false},"author":2,"featured_media":5535,"comment_status":"closed","ping_status":"open","sticky":false,"template":"","format":"standard","meta":{"_lmt_disableupdate":"","_lmt_disable":"","_jetpack_memberships_contains_paid_content":false,"footnotes":""},"categories":[109,47],"tags":[444],"class_list":["post-19326","post","type-post","status-publish","format-standard","has-post-thumbnail","hentry","category-minuto-a-minuto","category-zona-gris","tag-horacio-sosa-villavicencio"],"jetpack_featured_media_url":"https:\/\/zonaroja.com.mx\/wp-content\/uploads\/2019\/11\/Congreso-del-Estado.jpg","jetpack_sharing_enabled":true,"_links":{"self":[{"href":"https:\/\/zonaroja.com.mx\/index.php?rest_route=\/wp\/v2\/posts\/19326","targetHints":{"allow":["GET"]}}],"collection":[{"href":"https:\/\/zonaroja.com.mx\/index.php?rest_route=\/wp\/v2\/posts"}],"about":[{"href":"https:\/\/zonaroja.com.mx\/index.php?rest_route=\/wp\/v2\/types\/post"}],"author":[{"embeddable":true,"href":"https:\/\/zonaroja.com.mx\/index.php?rest_route=\/wp\/v2\/users\/2"}],"replies":[{"embeddable":true,"href":"https:\/\/zonaroja.com.mx\/index.php?rest_route=%2Fwp%2Fv2%2Fcomments&post=19326"}],"version-history":[{"count":2,"href":"https:\/\/zonaroja.com.mx\/index.php?rest_route=\/wp\/v2\/posts\/19326\/revisions"}],"predecessor-version":[{"id":19328,"href":"https:\/\/zonaroja.com.mx\/index.php?rest_route=\/wp\/v2\/posts\/19326\/revisions\/19328"}],"wp:featuredmedia":[{"embeddable":true,"href":"https:\/\/zonaroja.com.mx\/index.php?rest_route=\/wp\/v2\/media\/5535"}],"wp:attachment":[{"href":"https:\/\/zonaroja.com.mx\/index.php?rest_route=%2Fwp%2Fv2%2Fmedia&parent=19326"}],"wp:term":[{"taxonomy":"category","embeddable":true,"href":"https:\/\/zonaroja.com.mx\/index.php?rest_route=%2Fwp%2Fv2%2Fcategories&post=19326"},{"taxonomy":"post_tag","embeddable":true,"href":"https:\/\/zonaroja.com.mx\/index.php?rest_route=%2Fwp%2Fv2%2Ftags&post=19326"}],"curies":[{"name":"wp","href":"https:\/\/api.w.org\/{rel}","templated":true}]}}