{"id":19330,"date":"2020-10-28T08:14:08","date_gmt":"2020-10-28T14:14:08","guid":{"rendered":"http:\/\/www.zonaroja.com.mx\/?p=19330"},"modified":"2020-10-28T08:14:13","modified_gmt":"2020-10-28T14:14:13","slug":"el-poder-judicial-de-oaxaca-promueve-cultura-de-la-paz-entre-alumnos","status":"publish","type":"post","link":"https:\/\/zonaroja.com.mx\/?p=19330","title":{"rendered":"El Poder Judicial de Oaxaca promueve cultura de la paz entre alumnos"},"content":{"rendered":"\n<p>Redacci\u00f3n\/Zona Roja.<\/p>\n\n\n\n<p>Oaxaca de Ju\u00e1rez, Oax., 28 de octubre de 2020.- En su labor de promover acciones pac\u00edficas en el entorno escolar que incidan en la formaci\u00f3n de las y los estudiantes y dar a conocer estrategias para el di\u00e1logo como una forma de dirimir diferencias en las instituciones educativas, el Poder Judicial del Estado, a trav\u00e9s del Centro de Justicia Alternativa, imparti\u00f3 el taller \u00abConstruyendo la paz desde las aulas\u00bb, en la modalidad a distancia.<\/p>\n\n\n\n<p>Al inaugurar las actividades, dirigidas a 534 alumnos del plantel 25 del Colegio de Estudios Cient\u00edficos y Tecnol\u00f3gicos del Estado de Oaxaca (Cecyteo), de San Pablo Huixtepec, Zimatl\u00e1n, ante la presencia virtual del director general de este sistema educativo, Gustavo Mar\u00edn Antonio; el magistrado presidente, Eduardo Pinacho S\u00e1nchez, destac\u00f3 que se construyen las bases para una sociedad mejor, m\u00e1s pac\u00edfica, solidaria y basada en el di\u00e1logo.<\/p>\n\n\n\n<p>\u201cNo debemos visualizar al proceso judicial como la forma a trav\u00e9s de la que podemos resolver un conflicto o un litigio, debemos aprender desde las propias aulas, desde el espacio de las escuelas, a resolver los conflictos nosotros mismos mediante procedimientos alternativos al sistema de justicia\u201d, se\u00f1al\u00f3 en la ceremonia en la cual estuvo acompa\u00f1ado de la directora del Centro de Justicia Alternativa, Betzzaida Cruz Mendoza.<\/p>\n\n\n\n<p>Por ello, indic\u00f3 que el taller \u00abConstruyendo la paz desde las aulas\u00bb, permite a las y los j\u00f3venes conocer un nuevo enfoque y los procedimientos para resolver diferencias interpersonales que se presentan en espacios de la sociedad, la escuela o familia, en los cuales normalmente nos desenvolvemos.<\/p>\n\n\n\n<p>Por su parte, el director general del Cecyteo coment\u00f3 que la paz es fortalecer los valores y la convivencia social, el respeto a las leyes y los derechos humanos; adem\u00e1s, agradeci\u00f3 al Poder Judicial y en especial al Magistrado Presidente, por tomar el reto de trabajar por el futuro de las y los alumnos de esa instituci\u00f3n, a quienes se les continuar\u00e1n brindando estos talleres.<\/p>\n\n\n\n<p>Asimismo, puntualiz\u00f3 que reforzar la comunicaci\u00f3n efectiva entre la comunidad de estudiantes puede contribuir, gradualmente, a forjar una sociedad en la que impere el di\u00e1logo y la soluci\u00f3n pac\u00edfica. \u201cLa paz tambi\u00e9n es fortalecer los valores y la convivencia social, el respeto a las leyes y los derechos humanos\u201d, coment\u00f3.<\/p>\n\n\n\n<p>El taller \u00abConstruyendo la paz desde las aulas\u00bb, forma parte de las acciones que se establecieron en el convenio de colaboraci\u00f3n formalizado con el Colegio de Estudios Cient\u00edficos y Tecnol\u00f3gicos del Estado de Oaxaca (Cecyteo), para brindar a la poblaci\u00f3n educativa de esa instituci\u00f3n, a trav\u00e9s del Centro de Justicia Alternativa, un acercamiento a las percepciones de paz y soluciones de conflictos.<\/p>\n","protected":false},"excerpt":{"rendered":"<p>Redacci\u00f3n\/Zona Roja. Oaxaca de Ju\u00e1rez, Oax., 28 de octubre de 2020.- En su labor de&hellip;<\/p>\n","protected":false},"author":2,"featured_media":19331,"comment_status":"closed","ping_status":"open","sticky":false,"template":"","format":"standard","meta":{"_lmt_disableupdate":"","_lmt_disable":"","_jetpack_memberships_contains_paid_content":false,"footnotes":""},"categories":[109,46],"tags":[223],"class_list":["post-19330","post","type-post","status-publish","format-standard","has-post-thumbnail","hentry","category-minuto-a-minuto","category-zona-blanca","tag-poder-judicial-de-oaxaca"],"jetpack_featured_media_url":"https:\/\/zonaroja.com.mx\/wp-content\/uploads\/2020\/10\/01-TALLER-CECYTEO.jpg","jetpack_sharing_enabled":true,"_links":{"self":[{"href":"https:\/\/zonaroja.com.mx\/index.php?rest_route=\/wp\/v2\/posts\/19330","targetHints":{"allow":["GET"]}}],"collection":[{"href":"https:\/\/zonaroja.com.mx\/index.php?rest_route=\/wp\/v2\/posts"}],"about":[{"href":"https:\/\/zonaroja.com.mx\/index.php?rest_route=\/wp\/v2\/types\/post"}],"author":[{"embeddable":true,"href":"https:\/\/zonaroja.com.mx\/index.php?rest_route=\/wp\/v2\/users\/2"}],"replies":[{"embeddable":true,"href":"https:\/\/zonaroja.com.mx\/index.php?rest_route=%2Fwp%2Fv2%2Fcomments&post=19330"}],"version-history":[{"count":1,"href":"https:\/\/zonaroja.com.mx\/index.php?rest_route=\/wp\/v2\/posts\/19330\/revisions"}],"predecessor-version":[{"id":19332,"href":"https:\/\/zonaroja.com.mx\/index.php?rest_route=\/wp\/v2\/posts\/19330\/revisions\/19332"}],"wp:featuredmedia":[{"embeddable":true,"href":"https:\/\/zonaroja.com.mx\/index.php?rest_route=\/wp\/v2\/media\/19331"}],"wp:attachment":[{"href":"https:\/\/zonaroja.com.mx\/index.php?rest_route=%2Fwp%2Fv2%2Fmedia&parent=19330"}],"wp:term":[{"taxonomy":"category","embeddable":true,"href":"https:\/\/zonaroja.com.mx\/index.php?rest_route=%2Fwp%2Fv2%2Fcategories&post=19330"},{"taxonomy":"post_tag","embeddable":true,"href":"https:\/\/zonaroja.com.mx\/index.php?rest_route=%2Fwp%2Fv2%2Ftags&post=19330"}],"curies":[{"name":"wp","href":"https:\/\/api.w.org\/{rel}","templated":true}]}}