{"id":19333,"date":"2020-10-28T09:56:20","date_gmt":"2020-10-28T15:56:20","guid":{"rendered":"http:\/\/www.zonaroja.com.mx\/?p=19333"},"modified":"2020-10-28T10:29:15","modified_gmt":"2020-10-28T16:29:15","slug":"organizaciones-sociales-critican-informe-del-fiscal-en-un-estado-lleno-de-injusticias","status":"publish","type":"post","link":"https:\/\/zonaroja.com.mx\/?p=19333","title":{"rendered":"Organizaciones sociales critican informe del fiscal, en un estado lleno de injusticias"},"content":{"rendered":"\n<p>Evlin Arag\u00f3n\/Zona Roja.<\/p>\n\n\n\n<p>Oaxaca de Ju\u00e1rez, Oax., 28 de octubre de 2020.- \u201cNos preguntamos qu\u00e9 inform\u00f3, si hoy Oaxaca vive un clima de inseguridad y la justicia se encuentra ausente\u201d.<\/p>\n\n\n\n<p>As\u00ed comienza el escrito en el que al menos diez organizaciones sociales cuestionaron el informe de actividades \u201ca modo\u201d que hiciera este martes el fiscal general Rub\u00e9n Vasconcelos M\u00e9ndez al Congreso local.<\/p>\n\n\n\n<p>De acuerdo con los firmantes, el incremento de la violencia en la entidad tiene como principal aliciente un sistema de justicia deficiente, que se preocupa m\u00e1s por la imagen al exterior y mantener actualizadas sus redes sociales para anunciar las supuestas acciones que realizan, aunque en la realidad no se hacen cargo de las diferentes problem\u00e1ticas que enfrenta la entidad.&nbsp;<\/p>\n\n\n\n<p>\u201cNo se\u00f1or fiscal, los diputados pueden avalarle su informe, pero el pueblo de Oaxaca no; el pueblo est\u00e1 ofendido con su actuar. Usted y los diputados se curan en salud. Mientras que Oaxaca hoy vive una de sus peores crisis a falta de justicia\u201d, refieren.&nbsp;<\/p>\n\n\n\n<p>Para muestra, un sinf\u00edn de casos en los que, a pesar del paso del tiempo y las constantes exigencias, no hay respuesta por parte de las autoridades, como el conflicto en la zona triqui que revive debido a la falta de una pol\u00edtica adecuada y ausencia de justicia.<\/p>\n\n\n\n<p>As\u00ed como el de San Mateo del Mar, que pese a la masacre de la que fueron v\u00edctimas, los autores intelectuales y materiales no han sido aprendidos y mucho menos sancionados.&nbsp;<\/p>\n\n\n\n<p>Tambi\u00e9n recordaron la impunidad y la falta de acci\u00f3n por parte de la Fiscal\u00eda en torno a los asesinatos de los l\u00edderes sociales Heriberto Pazos, Arturo Pimentel, Catarino Torres y Tom\u00e1s Mart\u00ednez, los cuales son grandes pendientes de la Fiscal\u00eda para con la sociedad civil organizada.&nbsp;<\/p>\n\n\n\n<p>De acuerdo con las organizaciones sociales, es evidente el doble discurso por parte de las autoridades, encabezadas por Rub\u00e9n Vasconcelos, ya que por un lado, afirman que van a aplicar la justicia, pero por otro lado la dilatan, omiten o ignoran completamente.<\/p>\n\n\n\n<figure class=\"wp-block-image size-large\"><img decoding=\"async\" width=\"510\" height=\"680\" src=\"http:\/\/www.zonaroja.com.mx\/wp-content\/uploads\/2020\/09\/Renuncia-Ruben-Vasconcelos.jpg\" alt=\"\" class=\"wp-image-17887\" srcset=\"https:\/\/zonaroja.com.mx\/wp-content\/uploads\/2020\/09\/Renuncia-Ruben-Vasconcelos.jpg 510w, https:\/\/zonaroja.com.mx\/wp-content\/uploads\/2020\/09\/Renuncia-Ruben-Vasconcelos-225x300.jpg 225w\" sizes=\"(max-width: 510px) 100vw, 510px\" \/><\/figure>\n\n\n\n<p>As\u00ed mismo denunciaron que los presos pol\u00edticos siguen siendo parte de la estrategia de represi\u00f3n y persecuci\u00f3n de quienes encabezan la protesta, prueba de ello el encarcelamiento del dirigente social Fredy Garc\u00eda de Codedi y Wiliam Garc\u00eda de UACOL.<\/p>\n\n\n\n<p>Aunado a todo ello, la entidad se mantiene en alerta roja por los feminicidios, que tan solo en esta semana sumaron tres v\u00edctimas m\u00e1s.<\/p>\n\n\n\n<p>A lo cual se suma la falta de justicia y seguridad social que enfrentan las v\u00edctimas de la violencia de g\u00e9nero y feminicida, como en el caso de la saxofonista Mar\u00eda Elena R\u00edos quien fue agredida con \u00e1cido hace m\u00e1s de un a\u00f1o y a\u00fan uno de sus agresores sigue libre. Tambi\u00e9n, el caso de Mar\u00eda del Sol Cruz Jarqu\u00edn que se mantiene en la impunidad desde hace m\u00e1s de dos a\u00f1os. <\/p>\n\n\n\n<p>\u201cCon lo que observamos una pol\u00edtica de doble discurso, por un lado, afirman que van a aplicar la justicia, pero por otro lado la dilatan y los evidencian como c\u00f3mplices\u201d, expresaron.<\/p>\n\n\n\n<p>Por lo anterior hicieron un llamado a los trabajadores del campo y la ciudad a mantenerse organizados ante la situaci\u00f3n actual en donde las instituciones encargadas de velar por la justicia no realizan su trabajo y por el contrario forman parte de la violencia en la entidad.&nbsp;<\/p>\n\n\n\n<p>El documento fue firmado por integrantes de la Secci\u00f3n XXII del SNTE-CNTE, la Uni\u00f3n de Artesanos y Comerciantes Oaxaque\u00f1os en Lucha (UACOL), Movimiento Lubizha, la Asamblea de Pueblos Ind\u00edgenas (API), Voces Oaxaque\u00f1as Construyendo Autonom\u00eda y Libertad (VOCAL), Movimiento de Unificaci\u00f3n y Lucha Triqui (MULT), el Bloque Comunitario del Sur, Movimiento de Acci\u00f3n Social (MAS), Consejo Nacional de Pueblos en Lucha (CNPL), y el Frente Popular Revolucionario (FPR).<\/p>\n","protected":false},"excerpt":{"rendered":"<p>Evlin Arag\u00f3n\/Zona Roja. Oaxaca de Ju\u00e1rez, Oax., 28 de octubre de 2020.- \u201cNos preguntamos qu\u00e9&hellip;<\/p>\n","protected":false},"author":2,"featured_media":2449,"comment_status":"closed","ping_status":"open","sticky":false,"template":"","format":"standard","meta":{"_lmt_disableupdate":"","_lmt_disable":"","_jetpack_memberships_contains_paid_content":false,"footnotes":""},"categories":[109,47],"tags":[494],"class_list":["post-19333","post","type-post","status-publish","format-standard","has-post-thumbnail","hentry","category-minuto-a-minuto","category-zona-gris","tag-fiscalia-general-del-estado-de-oaxaca"],"jetpack_featured_media_url":"https:\/\/zonaroja.com.mx\/wp-content\/uploads\/2019\/07\/Fiscal-General-Rub\u00e9n-Vasconcelos-M\u00e9ndez-1.jpg","jetpack_sharing_enabled":true,"_links":{"self":[{"href":"https:\/\/zonaroja.com.mx\/index.php?rest_route=\/wp\/v2\/posts\/19333","targetHints":{"allow":["GET"]}}],"collection":[{"href":"https:\/\/zonaroja.com.mx\/index.php?rest_route=\/wp\/v2\/posts"}],"about":[{"href":"https:\/\/zonaroja.com.mx\/index.php?rest_route=\/wp\/v2\/types\/post"}],"author":[{"embeddable":true,"href":"https:\/\/zonaroja.com.mx\/index.php?rest_route=\/wp\/v2\/users\/2"}],"replies":[{"embeddable":true,"href":"https:\/\/zonaroja.com.mx\/index.php?rest_route=%2Fwp%2Fv2%2Fcomments&post=19333"}],"version-history":[{"count":3,"href":"https:\/\/zonaroja.com.mx\/index.php?rest_route=\/wp\/v2\/posts\/19333\/revisions"}],"predecessor-version":[{"id":19339,"href":"https:\/\/zonaroja.com.mx\/index.php?rest_route=\/wp\/v2\/posts\/19333\/revisions\/19339"}],"wp:featuredmedia":[{"embeddable":true,"href":"https:\/\/zonaroja.com.mx\/index.php?rest_route=\/wp\/v2\/media\/2449"}],"wp:attachment":[{"href":"https:\/\/zonaroja.com.mx\/index.php?rest_route=%2Fwp%2Fv2%2Fmedia&parent=19333"}],"wp:term":[{"taxonomy":"category","embeddable":true,"href":"https:\/\/zonaroja.com.mx\/index.php?rest_route=%2Fwp%2Fv2%2Fcategories&post=19333"},{"taxonomy":"post_tag","embeddable":true,"href":"https:\/\/zonaroja.com.mx\/index.php?rest_route=%2Fwp%2Fv2%2Ftags&post=19333"}],"curies":[{"name":"wp","href":"https:\/\/api.w.org\/{rel}","templated":true}]}}