{"id":1934,"date":"2019-06-30T07:42:09","date_gmt":"2019-06-30T12:42:09","guid":{"rendered":"http:\/\/www.zonaroja.com.mx\/?p=1934"},"modified":"2019-06-30T07:42:12","modified_gmt":"2019-06-30T12:42:12","slug":"obligan-a-comunicacion-social-de-gobierno-a-transparentar-gastos","status":"publish","type":"post","link":"https:\/\/zonaroja.com.mx\/?p=1934","title":{"rendered":"Obligan a Comunicaci\u00f3n Social de gobierno a transparentar gastos"},"content":{"rendered":"\n<p>Redacci\u00f3n<\/p>\n\n\n\n<p>Oaxaca de\nJu\u00e1rez, Oax., 30 de junio de 2019.- El Instituto de Acceso a la Informaci\u00f3n\nP\u00fablica y Protecci\u00f3n de Datos Personales (IAIP) resolvi\u00f3 que la Coordinaci\u00f3n\nGeneral de Comunicaci\u00f3n Social del Gobierno del Estado deber\u00e1 transparentar los\nrecursos presupuestales que ejerce.<\/p>\n\n\n\n<p>Mediante la petici\u00f3n\nRR 026\/2019\/SICOM interpuesta por un ciudadano, detall\u00f3 que la instancia a\ncargo de Alfonso Mart\u00ednez C\u00f3rdova deber\u00e1 informar acerca de los gastos para la\ndifusi\u00f3n de actividades del Gobierno del Estado en 2018, as\u00ed como los n\u00fameros\nde contratos y facturas.<\/p>\n\n\n\n<p>De acuerdo con el Presupuesto de Egresos, el a\u00f1o pasado Comunicaci\u00f3n Social ejerci\u00f3 aproximadamente 270 millones de pesos; este a\u00f1o, seg\u00fan el documento oficial, tiene asignado 269 millones 870 mil 631 pesos, aunque presuntamente despu\u00e9s el Poder Legislativo le hizo un recorte para dejarlo en alrededor de 2040 millones de pesos.<\/p>\n\n\n\n<figure class=\"wp-block-embed-twitter wp-block-embed is-type-rich is-provider-twitter\"><div class=\"wp-block-embed__wrapper\">\n<div class=\"twitter-tweet\"><blockquote class=\"twitter-tweet\" data-lang=\"es\"><p lang=\"es\" dir=\"ltr\">RR 026\/2019\/SICOM | La Coordinaci\u00f3n General de Comunicaci\u00f3n Social y Vocer\u00eda del <a href=\"https:\/\/twitter.com\/GobOax?ref_src=twsrc%5Etfw\">@GobOax<\/a> deber\u00e1 hacer entrega de la informaci\u00f3n relativa a los gastos erogados para la difusi\u00f3n de actividades del gobierno del estado de <a href=\"https:\/\/twitter.com\/hashtag\/Oaxaca?src=hash&amp;ref_src=twsrc%5Etfw\">#Oaxaca<\/a> en 2018, as\u00ed como los n\u00fameros de contratos y facturas. <a href=\"https:\/\/t.co\/tW2mnbghGl\">pic.twitter.com\/tW2mnbghGl<\/a><\/p>&mdash; IAIP Oaxaca \ud83c\uddf2\ud83c\uddfd (@IAIPOaxaca) <a href=\"https:\/\/twitter.com\/IAIPOaxaca\/status\/1144712942283362308?ref_src=twsrc%5Etfw\">28 de junio de 2019<\/a><\/blockquote><\/div>\n<\/div><\/figure>\n\n\n\n<p>PROPONEN\nREGULAR<\/p>\n\n\n\n<p>Por otra\nparte, el pasado mi\u00e9rcoles la Diputaci\u00f3n Permanente del Congreso del Estado\nturn\u00f3 a comisiones una Iniciativa con Proyecto de Decreto por el que expide la\nLey de Comunicaci\u00f3n Social y Publicidad Oficial para el Estado de Oaxaca, la\ncual pretende poner topes al gasto p\u00fablico, precisar los criterios de\nasignaci\u00f3n a medios de comunicaci\u00f3n y frenar la imagen indiscriminada de\nfuncionarios p\u00fablicos.<\/p>\n\n\n\n<p>La propuesta\npresentada por el diputado local Sa\u00fal Cruz Jim\u00e9nez \u201cbusca dar seguimiento al\ngasto p\u00fablico destinado para erradicar pr\u00e1cticas que atentan contra los\nderechos humanos y que desv\u00edan el presupuesto p\u00fablico del objetivo de potenciar\nel desarrollo social y econ\u00f3mico en beneficio de la poblaci\u00f3n\u201d.<\/p>\n\n\n\n<p>El documento\nse\u00f1ala que \u201cla ausencia de regulaci\u00f3n en publicidad oficial propicia un\nejercicio arbitrario del presupuesto en comunicaci\u00f3n social, con lo que se\nrestringe indirectamente la libertad de expresi\u00f3n; pues la publicidad oficial\nse traduce en relaciones financieras opacas y discrecionales entre gobiernos y\nmedios en el pa\u00eds que propician la censura sutil y el desarrollo de redes de\ncorrupci\u00f3n\u201d.<\/p>\n\n\n\n<p>Adem\u00e1s, esas\ncondiciones violentan el derecho a la libertad de expresi\u00f3n de los medios de\ncomunicaci\u00f3n, \u201clos gobiernos castigan a aquellos medios de comunicaci\u00f3n\ndemocr\u00e1ticos que pretenden evidenciar las deficiencias y corrupci\u00f3n que se\npresenta al interior de los gobiernos, o en su caso, es el mecanismo empleado\npara premiar a aquellos amigos o comprar lealtades\u201d, agreg\u00f3.<\/p>\n\n\n\n<p>La propuesta\ntambi\u00e9n plantea la conformaci\u00f3n de un Consejo Consultivo para la Evaluaci\u00f3n y\nSeguimiento de la Comunicaci\u00f3n Social y Publicidad Oficial, que trabajar\u00e1 en\ncolaboraci\u00f3n con la Secretar\u00eda Administradora de cada sujeto obligado, entre\nlos que se encuentra el Poder Ejecutivo, El Poder Judicial, el Poder\nLegislativo, los municipios, los organismos p\u00fablicos y la Corporaci\u00f3n Oaxaque\u00f1a\nde Radio y Televisi\u00f3n, entre otros.<\/p>\n","protected":false},"excerpt":{"rendered":"<p>Redacci\u00f3n Oaxaca de Ju\u00e1rez, Oax., 30 de junio de 2019.- El Instituto de Acceso a&hellip;<\/p>\n","protected":false},"author":2,"featured_media":1935,"comment_status":"closed","ping_status":"open","sticky":false,"template":"","format":"standard","meta":{"_lmt_disableupdate":"","_lmt_disable":"","_jetpack_memberships_contains_paid_content":false,"footnotes":""},"categories":[109,47],"tags":[213,271,58],"class_list":["post-1934","post","type-post","status-publish","format-standard","has-post-thumbnail","hentry","category-minuto-a-minuto","category-zona-gris","tag-64-legislatura-de-oaxaca","tag-coordinacion-general-de-comunicacion-social","tag-oaxaca"],"jetpack_featured_media_url":"https:\/\/zonaroja.com.mx\/wp-content\/uploads\/2019\/06\/IMG_4434.jpg","jetpack_sharing_enabled":true,"_links":{"self":[{"href":"https:\/\/zonaroja.com.mx\/index.php?rest_route=\/wp\/v2\/posts\/1934","targetHints":{"allow":["GET"]}}],"collection":[{"href":"https:\/\/zonaroja.com.mx\/index.php?rest_route=\/wp\/v2\/posts"}],"about":[{"href":"https:\/\/zonaroja.com.mx\/index.php?rest_route=\/wp\/v2\/types\/post"}],"author":[{"embeddable":true,"href":"https:\/\/zonaroja.com.mx\/index.php?rest_route=\/wp\/v2\/users\/2"}],"replies":[{"embeddable":true,"href":"https:\/\/zonaroja.com.mx\/index.php?rest_route=%2Fwp%2Fv2%2Fcomments&post=1934"}],"version-history":[{"count":1,"href":"https:\/\/zonaroja.com.mx\/index.php?rest_route=\/wp\/v2\/posts\/1934\/revisions"}],"predecessor-version":[{"id":1936,"href":"https:\/\/zonaroja.com.mx\/index.php?rest_route=\/wp\/v2\/posts\/1934\/revisions\/1936"}],"wp:featuredmedia":[{"embeddable":true,"href":"https:\/\/zonaroja.com.mx\/index.php?rest_route=\/wp\/v2\/media\/1935"}],"wp:attachment":[{"href":"https:\/\/zonaroja.com.mx\/index.php?rest_route=%2Fwp%2Fv2%2Fmedia&parent=1934"}],"wp:term":[{"taxonomy":"category","embeddable":true,"href":"https:\/\/zonaroja.com.mx\/index.php?rest_route=%2Fwp%2Fv2%2Fcategories&post=1934"},{"taxonomy":"post_tag","embeddable":true,"href":"https:\/\/zonaroja.com.mx\/index.php?rest_route=%2Fwp%2Fv2%2Ftags&post=1934"}],"curies":[{"name":"wp","href":"https:\/\/api.w.org\/{rel}","templated":true}]}}