{"id":19341,"date":"2020-10-28T14:09:51","date_gmt":"2020-10-28T20:09:51","guid":{"rendered":"https:\/\/www.zonaroja.com.mx\/?p=19341"},"modified":"2020-10-28T14:10:02","modified_gmt":"2020-10-28T20:10:02","slug":"por-supuesta-publicacion-en-facebook-encarcelan-a-mujer-en-san-andres-ixtlahuaca","status":"publish","type":"post","link":"https:\/\/zonaroja.com.mx\/?p=19341","title":{"rendered":"Por supuesta publicaci\u00f3n en Facebook, encarcelan a mujer en San Andr\u00e9s Ixtlahuaca"},"content":{"rendered":"\n<p class=\"MsoNormal\">Yuridiana Sosa\/Redacci\u00f3n.<\/p>\n\n\n\n<p class=\"MsoNormal\">Oaxaca de Ju\u00e1rez, Oax., 28 de octubre de 2020.-  Una mujer de San Andr\u00e9s Ixtlahuaca, en los Valles Centrales de Oaxaca, fue detenida y encarcelada por supuestamente publicar en su cuenta de Facebook que el comandante de la Polic\u00eda Municipal dio positivo a Covid-19.<\/p>\n\n\n\n<p class=\"MsoNormal\">De forma preliminar se dio a conocer que la v\u00edctima fue identificada como Mayra Santiago Z\u00fa\u00f1iga, suplente de la regidora de Salud de este ayuntamiento, regido por Sistemas Normativos Internos.<\/p>\n\n\n\n<p class=\"MsoNormal\">La detenci\u00f3n se registr\u00f3 la noche de <a href=\"\/\/1\">este martes<\/a>, luego fue trasladada a la c\u00e1rcel municipal, acusada de presuntamente publicar en su cuenta personal de Facebook que el comandante policial, Sebasti\u00e1n Hern\u00e1ndez, estaba enfermo de coronavuris, indic\u00f3 el reporte.<\/p>\n\n\n\n<p class=\"MsoNormal\">Los mandos policiales expusieron que la informaci\u00f3n emitida es falsa, por lo que procedieron con el arresto, pues Santiago Z\u00fa\u00f1iga viol\u00f3 la privacidad.<\/p>\n\n\n\n<p class=\"MsoNormal\">Pero la poblaci\u00f3n tambi\u00e9n ha manifestado su inconformidad por el actuar de la Polic\u00eda Municipal, pues el pap\u00e1 del comandante es el regidor de Seguridad, Gustavo Hern\u00e1ndez.&nbsp;<\/p>\n\n\n\n<p class=\"MsoNormal\">De forma oficial, al corte de este 27 de octubre la Secretar\u00eda de Salud, San Andr\u00e9s Ixtlahuaca acumula un total de 22 casos de Covid-19 y tres defunciones. <\/p>\n","protected":false},"excerpt":{"rendered":"<p>Yuridiana Sosa\/Redacci\u00f3n. Oaxaca de Ju\u00e1rez, Oax., 28 de octubre de 2020.- Una mujer de San&hellip;<\/p>\n","protected":false},"author":2,"featured_media":19340,"comment_status":"closed","ping_status":"open","sticky":false,"template":"","format":"standard","meta":{"_lmt_disableupdate":"","_lmt_disable":"","_jetpack_memberships_contains_paid_content":false,"footnotes":""},"categories":[109,47],"tags":[2148],"class_list":["post-19341","post","type-post","status-publish","format-standard","has-post-thumbnail","hentry","category-minuto-a-minuto","category-zona-gris","tag-san-andres-ixtlahuaca"],"jetpack_featured_media_url":"https:\/\/zonaroja.com.mx\/wp-content\/uploads\/2020\/10\/257a45ae-7dc0-484e-b5f9-d7e04cf44c67.jpg","jetpack_sharing_enabled":true,"_links":{"self":[{"href":"https:\/\/zonaroja.com.mx\/index.php?rest_route=\/wp\/v2\/posts\/19341","targetHints":{"allow":["GET"]}}],"collection":[{"href":"https:\/\/zonaroja.com.mx\/index.php?rest_route=\/wp\/v2\/posts"}],"about":[{"href":"https:\/\/zonaroja.com.mx\/index.php?rest_route=\/wp\/v2\/types\/post"}],"author":[{"embeddable":true,"href":"https:\/\/zonaroja.com.mx\/index.php?rest_route=\/wp\/v2\/users\/2"}],"replies":[{"embeddable":true,"href":"https:\/\/zonaroja.com.mx\/index.php?rest_route=%2Fwp%2Fv2%2Fcomments&post=19341"}],"version-history":[{"count":1,"href":"https:\/\/zonaroja.com.mx\/index.php?rest_route=\/wp\/v2\/posts\/19341\/revisions"}],"predecessor-version":[{"id":19342,"href":"https:\/\/zonaroja.com.mx\/index.php?rest_route=\/wp\/v2\/posts\/19341\/revisions\/19342"}],"wp:featuredmedia":[{"embeddable":true,"href":"https:\/\/zonaroja.com.mx\/index.php?rest_route=\/wp\/v2\/media\/19340"}],"wp:attachment":[{"href":"https:\/\/zonaroja.com.mx\/index.php?rest_route=%2Fwp%2Fv2%2Fmedia&parent=19341"}],"wp:term":[{"taxonomy":"category","embeddable":true,"href":"https:\/\/zonaroja.com.mx\/index.php?rest_route=%2Fwp%2Fv2%2Fcategories&post=19341"},{"taxonomy":"post_tag","embeddable":true,"href":"https:\/\/zonaroja.com.mx\/index.php?rest_route=%2Fwp%2Fv2%2Ftags&post=19341"}],"curies":[{"name":"wp","href":"https:\/\/api.w.org\/{rel}","templated":true}]}}