{"id":19344,"date":"2020-10-28T15:43:22","date_gmt":"2020-10-28T21:43:22","guid":{"rendered":"http:\/\/www.zonaroja.com.mx\/?p=19344"},"modified":"2020-10-28T15:43:27","modified_gmt":"2020-10-28T21:43:27","slug":"enesima-protesta-de-normalistas-con-bloqueo-obligan-al-ieepo-a-dialogar","status":"publish","type":"post","link":"https:\/\/zonaroja.com.mx\/?p=19344","title":{"rendered":"En\u00e9sima protesta de normalistas; con bloqueo obligan al IEEPO a dialogar"},"content":{"rendered":"\n<p>Evlin Arag\u00f3n\/Zona Roja.&nbsp;<\/p>\n\n\n\n<p>Oaxaca de Ju\u00e1rez, Oax., 28 de octubre de 2020.- Estudiantes normalistas, egresados de la generaci\u00f3n 2016-2020, bloquearon diversas vialidades que conectan con la calzada H\u00e9roes de Chapultepec de la capital de Oaxaca, como medida de presi\u00f3n para obtener la contrataci\u00f3n inmediata y una reuni\u00f3n con las autoridades en materia educativa.&nbsp;<\/p>\n\n\n\n<p>El reducido grupo de j\u00f3venes, que tambi\u00e9n se apoder\u00f3 de autobuses del transporte p\u00fablico como parte de su movilizaci\u00f3n, explic\u00f3 que es mentira que hayan sido contratados como lo ha informado el Instituto Estatal de Educaci\u00f3n P\u00fablica de Oaxaca (IEEPO), a trav\u00e9s de distintos medios de comunicaci\u00f3n, raz\u00f3n por la cual han salido a desmentir las declaraciones.&nbsp;<\/p>\n\n\n\n<p>\u201cLos medios han estado dando a conocer informaci\u00f3n falsa con relaci\u00f3n a que todos los normalistas ya han sido contratados, sin embargo, eso es mentira. Nuestra generaci\u00f3n, egresada durante este a\u00f1o, a\u00fan no est\u00e1 contratada\u201d, refirieron en una breve conferencia.<\/p>\n\n\n\n<p>En este sentido, exigieron que se haga efectiva la contrataci\u00f3n de manera inmediata y sin ning\u00fan tipo de condicionante, ya que se trata de egresados de las normales plenamente capacitados para estar frente a grupos de educaci\u00f3n b\u00e1sica en la entidad oaxaque\u00f1a.&nbsp;&nbsp;<\/p>\n\n\n\n<p>Se trata 474 j\u00f3venes los que forman parte de la generaci\u00f3n completa que egres\u00f3 en este 2020 y que no ha sido contratados para estar frente a grupo, raz\u00f3n por la que desde ayer iniciaron con una serie de movilizaciones que mantendr\u00e1n hasta que las autoridades los escuchen.&nbsp;<\/p>\n\n\n\n<p>Durante su actividad, se deslindaron de la Coordinadora de Escuelas Normales del Estado de Oaxaca (CENEO), y aseguraron ser un grupo independiente cuya \u00fanica demanda es la contrataci\u00f3n inmediata y sin condiciones.\u00a0<\/p>\n\n\n\n<figure class=\"wp-block-embed-twitter wp-block-embed is-type-rich is-provider-twitter\"><div class=\"wp-block-embed__wrapper\">\n<div class=\"twitter-tweet\"><blockquote class=\"twitter-tweet\" data-lang=\"es\"><p lang=\"es\" dir=\"ltr\"><a href=\"https:\/\/twitter.com\/hashtag\/%C3%9AltimoMinuto?src=hash&amp;ref_src=twsrc%5Etfw\">#\u00daltimoMinuto<\/a> <br>Los egresados de escuelas Normales prev\u00e9n estar todo el d\u00eda con sus bloqueos a la calzada H\u00e9roes de Chapultepec de la ciudad de <a href=\"https:\/\/twitter.com\/hashtag\/Oaxaca?src=hash&amp;ref_src=twsrc%5Etfw\">#Oaxaca<\/a>; reiteran que el <a href=\"https:\/\/twitter.com\/IEEPOGobOax?ref_src=twsrc%5Etfw\">@IEEPOGobOax<\/a> se niega a contratarlos, tras haber concluido su carrera profesional. <a href=\"https:\/\/t.co\/U3tFUrU4eP\">pic.twitter.com\/U3tFUrU4eP<\/a><\/p>&mdash; Zona Roja Oaxaca (@MexRoja) <a href=\"https:\/\/twitter.com\/MexRoja\/status\/1321479570827235330?ref_src=twsrc%5Etfw\">28 de octubre de 2020<\/a><\/blockquote><\/div>\n<\/div><\/figure>\n\n\n\n<p>Por lo anterior, solicitaron de manera medi\u00e1tica la instalaci\u00f3n de mesas de negociaciones con la presencia de personal de la Secretaria General de Gobierno, el IEEPO e incluso la Secci\u00f3n 22 adherida a la Coordinadora Nacional de Trabajadores de la Educaci\u00f3n, que hasta el momento no ha respaldado su lucha.&nbsp;&nbsp;&nbsp;<\/p>\n\n\n\n<p>El d\u00eda de ayer, este mismo grupo de j\u00f3venes encabezo una marcha de la fuente de las Ocho Regiones al z\u00f3calo de la ciudad y posteriormente se hizo entrega de su pliego petitorio a la autoridad estatal y la gremial magisterial.&nbsp;<\/p>\n\n\n\n<p>INSTALAN MESA<\/p>\n\n\n\n<p>Tras las manifestaciones de este mi\u00e9rcoles, el IEEPO fue obligado a instalar una mesa de trabajo con los normalistas que se movilizaron.<\/p>\n\n\n\n<p>En un comunicado, expuso que el jefe de la Unidad de Educaci\u00f3n Normal y Formaci\u00f3n de Docentes, Carlos Alberto Cuevas Cervantes, dijo que los inconformes a\u00fan no est\u00e1n titulados ya que son reci\u00e9n egresados y contar con este documento es indispensable para su contrataci\u00f3n, por lo que tienen como plazo para realizar el proceso hasta antes de la pr\u00f3xima convocatoria, de lo contrario no pueden ingresar al Sistema Educativo.<\/p>\n\n\n\n<p>\u201cLos exnormalistas con t\u00edtulo profesional, son quienes tendr\u00e1n esa posibilidad, cumpliendo los procesos normativos estipulados por la Unidad del Sistema para la Carrera de las Maestras y los Maestros (Usicamm) y con apego a criterios de equidad, transparencia y de acuerdo a la vacancia disponible\u201d, agreg\u00f3.<\/p>\n","protected":false},"excerpt":{"rendered":"<p>Evlin Arag\u00f3n\/Zona Roja.&nbsp; Oaxaca de Ju\u00e1rez, Oax., 28 de octubre de 2020.- Estudiantes normalistas, egresados&hellip;<\/p>\n","protected":false},"author":2,"featured_media":19345,"comment_status":"closed","ping_status":"open","sticky":false,"template":"","format":"standard","meta":{"_lmt_disableupdate":"","_lmt_disable":"","_jetpack_memberships_contains_paid_content":false,"footnotes":""},"categories":[109,47],"tags":[599],"class_list":["post-19344","post","type-post","status-publish","format-standard","has-post-thumbnail","hentry","category-minuto-a-minuto","category-zona-gris","tag-instituto-estatal-de-educacion-publica-de-oaxaca"],"jetpack_featured_media_url":"https:\/\/zonaroja.com.mx\/wp-content\/uploads\/2020\/10\/Bloqueo-normalistas-ENBIO.jpg","jetpack_sharing_enabled":true,"_links":{"self":[{"href":"https:\/\/zonaroja.com.mx\/index.php?rest_route=\/wp\/v2\/posts\/19344","targetHints":{"allow":["GET"]}}],"collection":[{"href":"https:\/\/zonaroja.com.mx\/index.php?rest_route=\/wp\/v2\/posts"}],"about":[{"href":"https:\/\/zonaroja.com.mx\/index.php?rest_route=\/wp\/v2\/types\/post"}],"author":[{"embeddable":true,"href":"https:\/\/zonaroja.com.mx\/index.php?rest_route=\/wp\/v2\/users\/2"}],"replies":[{"embeddable":true,"href":"https:\/\/zonaroja.com.mx\/index.php?rest_route=%2Fwp%2Fv2%2Fcomments&post=19344"}],"version-history":[{"count":1,"href":"https:\/\/zonaroja.com.mx\/index.php?rest_route=\/wp\/v2\/posts\/19344\/revisions"}],"predecessor-version":[{"id":19346,"href":"https:\/\/zonaroja.com.mx\/index.php?rest_route=\/wp\/v2\/posts\/19344\/revisions\/19346"}],"wp:featuredmedia":[{"embeddable":true,"href":"https:\/\/zonaroja.com.mx\/index.php?rest_route=\/wp\/v2\/media\/19345"}],"wp:attachment":[{"href":"https:\/\/zonaroja.com.mx\/index.php?rest_route=%2Fwp%2Fv2%2Fmedia&parent=19344"}],"wp:term":[{"taxonomy":"category","embeddable":true,"href":"https:\/\/zonaroja.com.mx\/index.php?rest_route=%2Fwp%2Fv2%2Fcategories&post=19344"},{"taxonomy":"post_tag","embeddable":true,"href":"https:\/\/zonaroja.com.mx\/index.php?rest_route=%2Fwp%2Fv2%2Ftags&post=19344"}],"curies":[{"name":"wp","href":"https:\/\/api.w.org\/{rel}","templated":true}]}}