{"id":19348,"date":"2020-10-28T16:19:53","date_gmt":"2020-10-28T22:19:53","guid":{"rendered":"http:\/\/www.zonaroja.com.mx\/?p=19348"},"modified":"2020-10-28T16:19:57","modified_gmt":"2020-10-28T22:19:57","slug":"triquis-del-multi-senalan-impunidad-en-actuacion-del-mult-gobierno-las-ignora","status":"publish","type":"post","link":"https:\/\/zonaroja.com.mx\/?p=19348","title":{"rendered":"Triquis del MULTI se\u00f1alan impunidad en actuaci\u00f3n del MULT; gobierno las ignora"},"content":{"rendered":"\n<p>Yuridiana Sosa\/Zona Roja.<\/p>\n\n\n\n<p>Oaxaca de Ju\u00e1rez, Oax., 28 de octubre de 2020.- Los se\u00f1alamientos de grupos paramilitares y sobre los causantes de la violencia en las comunidades ind\u00edgenas triquis de Oaxaca contin\u00faan entre el Movimiento de Unificaci\u00f3n y Lucha Triqui Independiente (MULTI) y Movimiento de Unificaci\u00f3n y Lucha Triqui (MULT), tras el ataque armado a un ind\u00edgena el pasado 13 de octubre.<\/p>\n\n\n\n<p>Mujeres ind\u00edgenas desplazados de San Juan Copala, encabezadas por Reyna Mart\u00ednez Flores, denunciaron que desde el inicio de la actual administraci\u00f3n, las autoridades no las han recibido, ni se han interesado en el l\u00edo entre comunidades triquis, sin embargo, este mi\u00e9rcoles el gobierno recibi\u00f3 en mesa al MULT, con la supuesta b\u00fasqueda de conciliaci\u00f3n de conflictos en la zona triqui.<\/p>\n\n\n\n<p>Pero las madres de familia, desplazadas desde hace 10 a\u00f1os de su comunidad, aseveraron que los intereses del MULT de buscar paz no son aut\u00e9nticos, pues surgieron ahora que simulan ser v\u00edctimas de un bloquea a comunidades de Juxtlahuaca por parte del MULTI y de Ubisort.<\/p>\n\n\n\n<p>Tras el caso de Epifanio Mart\u00ednez de Jes\u00fas, en inmediaciones de Santiago Juxtlahuaca, baleado el 13 de octubre y quien falleci\u00f3 el 15 de octubre, ambas organizaciones aliadas bloquearon un camino que conduce a La Sabana Copala, Juxtlahuaca, para exigir al MULT la entrega del presunto asesino se\u00f1alado por la v\u00edctima antes de morir.<\/p>\n\n\n\n<p>\u201cSi no entregan a los asesinos no habr\u00e1 paz, si hay impunidad no hay paz\u201d, se\u00f1al\u00f3 la lideresa del MULTI, quien reproch\u00f3 a Rogelio Pensamiento Mesinas, dirigente del MULT.<\/p>\n\n\n\n<p>El dirigente del MULT anunci\u00f3 desde ayer una serie de movilizaciones en la capital, para exigir a la Secretar\u00eda General de Gobierno el retiro del bloqueo de m\u00e1s de 10 d\u00edas, por el que sus compa\u00f1eros permanec\u00edan incomunicados.<\/p>\n\n\n\n<p>\u201cPor qu\u00e9 no sali\u00f3 Rogelio Pensamiento hace 10 a\u00f1os a decir de los derechos humanos, ahora se hace la v\u00edctima\u201d, indic\u00f3 Mart\u00ednez Flores, en referencia al ataque paramilitar a las comunidades ind\u00edgenas de San Juan Copala.<\/p>\n\n\n\n<p>Ante estos hechos, esta fracci\u00f3n de ind\u00edgenas desplazados apuntaron desigualdad en las atenciones que ofrece el gobierno del estado a los afectados en la zona triqui, por lo que continuar\u00e1n en su lucha de la detenci\u00f3n de integrantes del MULT involucrados en hechos violentos y de un retorno seguro a sus comunidades.<\/p>\n","protected":false},"excerpt":{"rendered":"<p>Yuridiana Sosa\/Zona Roja. Oaxaca de Ju\u00e1rez, Oax., 28 de octubre de 2020.- Los se\u00f1alamientos de&hellip;<\/p>\n","protected":false},"author":2,"featured_media":19349,"comment_status":"closed","ping_status":"open","sticky":false,"template":"","format":"standard","meta":{"_lmt_disableupdate":"","_lmt_disable":"","_jetpack_memberships_contains_paid_content":false,"footnotes":""},"categories":[109,47],"tags":[],"class_list":["post-19348","post","type-post","status-publish","format-standard","has-post-thumbnail","hentry","category-minuto-a-minuto","category-zona-gris"],"jetpack_featured_media_url":"https:\/\/zonaroja.com.mx\/wp-content\/uploads\/2020\/10\/Conferencia-MULTI-Reyna-Martinez.jpg","jetpack_sharing_enabled":true,"_links":{"self":[{"href":"https:\/\/zonaroja.com.mx\/index.php?rest_route=\/wp\/v2\/posts\/19348","targetHints":{"allow":["GET"]}}],"collection":[{"href":"https:\/\/zonaroja.com.mx\/index.php?rest_route=\/wp\/v2\/posts"}],"about":[{"href":"https:\/\/zonaroja.com.mx\/index.php?rest_route=\/wp\/v2\/types\/post"}],"author":[{"embeddable":true,"href":"https:\/\/zonaroja.com.mx\/index.php?rest_route=\/wp\/v2\/users\/2"}],"replies":[{"embeddable":true,"href":"https:\/\/zonaroja.com.mx\/index.php?rest_route=%2Fwp%2Fv2%2Fcomments&post=19348"}],"version-history":[{"count":1,"href":"https:\/\/zonaroja.com.mx\/index.php?rest_route=\/wp\/v2\/posts\/19348\/revisions"}],"predecessor-version":[{"id":19350,"href":"https:\/\/zonaroja.com.mx\/index.php?rest_route=\/wp\/v2\/posts\/19348\/revisions\/19350"}],"wp:featuredmedia":[{"embeddable":true,"href":"https:\/\/zonaroja.com.mx\/index.php?rest_route=\/wp\/v2\/media\/19349"}],"wp:attachment":[{"href":"https:\/\/zonaroja.com.mx\/index.php?rest_route=%2Fwp%2Fv2%2Fmedia&parent=19348"}],"wp:term":[{"taxonomy":"category","embeddable":true,"href":"https:\/\/zonaroja.com.mx\/index.php?rest_route=%2Fwp%2Fv2%2Fcategories&post=19348"},{"taxonomy":"post_tag","embeddable":true,"href":"https:\/\/zonaroja.com.mx\/index.php?rest_route=%2Fwp%2Fv2%2Ftags&post=19348"}],"curies":[{"name":"wp","href":"https:\/\/api.w.org\/{rel}","templated":true}]}}