{"id":19351,"date":"2020-10-28T16:24:49","date_gmt":"2020-10-28T22:24:49","guid":{"rendered":"http:\/\/www.zonaroja.com.mx\/?p=19351"},"modified":"2020-10-28T16:24:52","modified_gmt":"2020-10-28T22:24:52","slug":"piden-jovenes-que-se-respete-su-derecho-humano-al-agua","status":"publish","type":"post","link":"https:\/\/zonaroja.com.mx\/?p=19351","title":{"rendered":"Piden j\u00f3venes que se respete su derecho humano al agua"},"content":{"rendered":"\n<p>Evlin Arag\u00f3n\/Zona Roja.<\/p>\n\n\n\n<p>Oaxaca de Ju\u00e1rez, Oax., 28 de octubre de 2020.- \u201cSomos herederos del agua. Estamos defendiendo lo que es la madre tierra, el cuidado del agua y el medio ambiente. Exigimos se\u00f1or Presidente (Andr\u00e9s Manuel L\u00f3pez Obrador) que nos reconozca como pueblos ind\u00edgenas y que firme el decreto que quedo pendiente antes de esta pandemia\u201d.<\/p>\n\n\n\n<p>Son las voces de un grupo de j\u00f3venes que se han unido para exigir que se garantice su derecho humano al agua, a un a\u00f1o de la firma de acuerdos con Comisi\u00f3n Nacional del Agua por parte de 16 pueblos ind\u00edgenas de Valles Centrales en Oaxaca, los cuales exigen sean respetados y cumplidos.<\/p>\n\n\n\n<p>A trav\u00e9s de las redes sociales de \u201cFlor y Canto\u201d, organizaci\u00f3n que ha dado acompa\u00f1amiento a las comunidades, los j\u00f3venes piden al gobierno federal, que tome en cuenta a los campesinos, tal y como lo ha dicho desde su campa\u00f1a con el lema primero el pueblo.<\/p>\n\n\n\n<p>\u201cLos j\u00f3venes estamos comprometidos con el cuidado y la defensa del agua, necesitamos el apoyo de todos ustedes para que podamos realizar un cambio en esta sociedad\u201d, indicaron mediante un video. &nbsp;<\/p>\n\n\n\n<p>Explicaron que el agua es vida en cualquier territorio y para cualquier poblaci\u00f3n, que se trata del vital l\u00edquido necesario para la supervivencia, de ah\u00ed la necesidad de contar con el acceso con el respaldo de las autoridades locales y federales responsables.&nbsp;&nbsp;<\/p>\n\n\n\n<p>\u201cYo me comprometo como juventud a seguir realizando este tipo de obras. Pedimos y exigimos a nuestro gobierno que garantice el acceso al agua, porque el agua es del pueblo y para el pueblo\u201d, sentenciaron a la par que exigieron justicia para las comunidades ind\u00edgenas.&nbsp;<\/p>\n\n\n\n<p>Apenas el pasado 12 de octubre, integrantes de la Coordinadora de Pueblos Unidos por el Cuidado y Defensa del Agua (Copuda) marcharon en la capital del estado y clausuraron de forma simb\u00f3lica las instalaciones de la Comisi\u00f3n Nacional del Agua, a cuya titular exigen resolver la solicitud de un nuevo decreto en la zona de Valles Centrales que permita garantizar el derecho humano al agua.&nbsp;<\/p>\n\n\n\n<p>Lo anterior a un a\u00f1o de la firma de un acuerdo incumplido, mismo tiempo en que de acuerdo con los manifestantes, se ha consumado una vez m\u00e1s la discriminaci\u00f3n y el desprecio por parte de las autoridades hacia los pueblos originarios, toda vez que no les responden, no los reciben y por el contrario son omisas ante las necesidades que por m\u00e1s de quince a\u00f1os han hecho evidentes.<\/p>\n","protected":false},"excerpt":{"rendered":"<p>Evlin Arag\u00f3n\/Zona Roja. Oaxaca de Ju\u00e1rez, Oax., 28 de octubre de 2020.- \u201cSomos herederos del&hellip;<\/p>\n","protected":false},"author":2,"featured_media":19352,"comment_status":"closed","ping_status":"open","sticky":false,"template":"","format":"standard","meta":{"_lmt_disableupdate":"","_lmt_disable":"","_jetpack_memberships_contains_paid_content":false,"footnotes":""},"categories":[1],"tags":[],"class_list":["post-19351","post","type-post","status-publish","format-standard","has-post-thumbnail","hentry","category-sin-categoria"],"jetpack_featured_media_url":"https:\/\/zonaroja.com.mx\/wp-content\/uploads\/2020\/10\/Copuda-agua-Valles-Centrales.jpg","jetpack_sharing_enabled":true,"_links":{"self":[{"href":"https:\/\/zonaroja.com.mx\/index.php?rest_route=\/wp\/v2\/posts\/19351","targetHints":{"allow":["GET"]}}],"collection":[{"href":"https:\/\/zonaroja.com.mx\/index.php?rest_route=\/wp\/v2\/posts"}],"about":[{"href":"https:\/\/zonaroja.com.mx\/index.php?rest_route=\/wp\/v2\/types\/post"}],"author":[{"embeddable":true,"href":"https:\/\/zonaroja.com.mx\/index.php?rest_route=\/wp\/v2\/users\/2"}],"replies":[{"embeddable":true,"href":"https:\/\/zonaroja.com.mx\/index.php?rest_route=%2Fwp%2Fv2%2Fcomments&post=19351"}],"version-history":[{"count":1,"href":"https:\/\/zonaroja.com.mx\/index.php?rest_route=\/wp\/v2\/posts\/19351\/revisions"}],"predecessor-version":[{"id":19353,"href":"https:\/\/zonaroja.com.mx\/index.php?rest_route=\/wp\/v2\/posts\/19351\/revisions\/19353"}],"wp:featuredmedia":[{"embeddable":true,"href":"https:\/\/zonaroja.com.mx\/index.php?rest_route=\/wp\/v2\/media\/19352"}],"wp:attachment":[{"href":"https:\/\/zonaroja.com.mx\/index.php?rest_route=%2Fwp%2Fv2%2Fmedia&parent=19351"}],"wp:term":[{"taxonomy":"category","embeddable":true,"href":"https:\/\/zonaroja.com.mx\/index.php?rest_route=%2Fwp%2Fv2%2Fcategories&post=19351"},{"taxonomy":"post_tag","embeddable":true,"href":"https:\/\/zonaroja.com.mx\/index.php?rest_route=%2Fwp%2Fv2%2Ftags&post=19351"}],"curies":[{"name":"wp","href":"https:\/\/api.w.org\/{rel}","templated":true}]}}