{"id":19363,"date":"2020-10-28T21:42:31","date_gmt":"2020-10-29T03:42:31","guid":{"rendered":"http:\/\/www.zonaroja.com.mx\/?p=19363"},"modified":"2020-10-28T21:42:37","modified_gmt":"2020-10-29T03:42:37","slug":"a-la-puerta-del-hospital-de-tuxtepec-murio-una-mujer-de-la-tercera-edad-tenia-pulmonia","status":"publish","type":"post","link":"https:\/\/zonaroja.com.mx\/?p=19363","title":{"rendered":"A la puerta del hospital de Tuxtepec muri\u00f3 una mujer de la tercera edad; ten\u00eda pulmon\u00eda"},"content":{"rendered":"\n<p>Yuridiana Sosa\/Zona Roja.<\/p>\n\n\n\n<p>San Juan Bautista Tuxtepec, Oax., 28 de octubre de 2020.- Una mujer de 67 a\u00f1os de edad muri\u00f3 este mi\u00e9rcoles, en espera de atenci\u00f3n m\u00e9dica, a la puerta del \u00e1rea de urgencias del Hospital General de Tuxtepec, perteneciente a los Servicios de Salud de Oaxaca.<\/p>\n\n\n\n<p>Familiares de la v\u00edctima identificada como Zenaida P. Z. denunciaron negligencia por la omisi\u00f3n en la atenci\u00f3n, pues esperaran m\u00e1s de cuatro horas para que un m\u00e9dico saliera a recibirlos, y cuando sali\u00f3, ya hab\u00eda fallecido sentada en una silla, a la puerta de la sala de espera del \u00e1rea de urgencias.<\/p>\n\n\n\n<p>La se\u00f1ora de la tercera edad lleg\u00f3 en compa\u00f1\u00eda de sus familiares alrededor de las 15:30 horas de este martes, con dificultades para respirar; pero fue cerca de las 20:00 horas que un m\u00e9dico sali\u00f3 hasta la puerta de ingreso de la sala de urgencias, cuando la mujer ya no ten\u00eda signos vitales.<\/p>\n\n\n\n<p>Una de las nietas de la v\u00edctima indic\u00f3 que una trabajadora del hospital les inform\u00f3 que deb\u00edan esperar, pues en el turno vespertino solo hab\u00eda un m\u00e9dico para las atenciones.<\/p>\n\n\n\n<p>Cerca de las 19:00 horas comenzaron a incrementarse las dificultades respiratorias.<\/p>\n\n\n\n<p>A las 19:30 horas aproximadamente, personal del nosocomio indic\u00f3 que el m\u00e9dico deb\u00eda cambiarse para salir a ofrecer el servicio, dilatando otros unos 20 minutos, detall\u00f3 el familiar.<\/p>\n\n\n\n<p>De acuerdo a los deudos, por la ma\u00f1ana del martes, la mujer fue atendida en el Centro de Salud de la colonia Loma Alta de Tuxtepec, donde s\u00f3lo le suministraron suero. Adem\u00e1s, de forma particular le practicaron una radiograf\u00eda de t\u00f3rax que indic\u00f3 pulmon\u00eda.<\/p>\n\n\n\n<figure class=\"wp-block-embed-twitter wp-block-embed is-type-rich is-provider-twitter\"><div class=\"wp-block-embed__wrapper\">\n<div class=\"twitter-tweet\"><blockquote class=\"twitter-tweet\" data-lang=\"es\"><p lang=\"es\" dir=\"ltr\">Una mujer de la tercera edad muri\u00f3 en la puerta del \u00e1rea de urgencias del Hospital de <a href=\"https:\/\/twitter.com\/hashtag\/Tuxtepec?src=hash&amp;ref_src=twsrc%5Etfw\">#Tuxtepec<\/a>, sus familiares denunciaron que nunca recibi\u00f3 atenci\u00f3n en las m\u00e1s de 4 horas de espera; presentaba dificultades para respirar; llevaba placa de t\u00f3rax con diagn\u00f3stico de pulmon\u00eda. <a href=\"https:\/\/t.co\/7KDTYkLWQ0\">pic.twitter.com\/7KDTYkLWQ0<\/a><\/p>&mdash; Zona Roja Oaxaca (@MexRoja) <a href=\"https:\/\/twitter.com\/MexRoja\/status\/1321632710826233857?ref_src=twsrc%5Etfw\">29 de octubre de 2020<\/a><\/blockquote><\/div>\n<\/div><\/figure>\n\n\n\n<p>Por el diagn\u00f3stico de la se\u00f1ora. en ninguna cl\u00ednica la quisieron recibir, por lo que acudieron al Hospital General de Tuxtepec.<\/p>\n\n\n\n<p>La familia indic\u00f3 que ese fue el \u00fanico s\u00edntoma que present\u00f3 la abuelita, por lo que descartaron que fuera v\u00edctima de Covid.<\/p>\n\n\n\n<p>Sin embargo, seg\u00fan el personal al interior del nosocomio, el \u00fanico m\u00e9dico que se encontraba para cubrir distintos servicios en el turno vespertino deb\u00eda seguir los protocolos de protecci\u00f3n personal antes de salir a recibir un paciente.<\/p>\n\n\n\n<p>INICIAN PARO<\/p>\n\n\n\n<p>Este martes, el personal de los Servicios de Salud de Oaxaca adherido a la Secci\u00f3n 35 del Sindicato Nacional de Trabajadores de Salud instal\u00f3 nuevamente una asamblea permanente para exigir al Gobierno del Estado la contrataci\u00f3n de personal.<\/p>\n\n\n\n<p>Desde el inicio de la contingencia, en distintas ocasiones los trabajadores de este nosocomio han realizado protestas y paro de labores para hacer escuchar sus peticiones frente a la pandemia y de car\u00e1cter laboral, pero hasta el momento las respuestas a sus demandas son limitadas.<\/p>\n","protected":false},"excerpt":{"rendered":"<p>Yuridiana Sosa\/Zona Roja. San Juan Bautista Tuxtepec, Oax., 28 de octubre de 2020.- Una mujer&hellip;<\/p>\n","protected":false},"author":2,"featured_media":18728,"comment_status":"closed","ping_status":"open","sticky":false,"template":"","format":"standard","meta":{"_lmt_disableupdate":"","_lmt_disable":"","_jetpack_memberships_contains_paid_content":false,"footnotes":""},"categories":[109,47],"tags":[1260],"class_list":["post-19363","post","type-post","status-publish","format-standard","has-post-thumbnail","hentry","category-minuto-a-minuto","category-zona-gris","tag-hospital-general-de-tuxtepec"],"jetpack_featured_media_url":"https:\/\/zonaroja.com.mx\/wp-content\/uploads\/2020\/10\/Hospital-General-Tuxtepec.jpg","jetpack_sharing_enabled":true,"_links":{"self":[{"href":"https:\/\/zonaroja.com.mx\/index.php?rest_route=\/wp\/v2\/posts\/19363","targetHints":{"allow":["GET"]}}],"collection":[{"href":"https:\/\/zonaroja.com.mx\/index.php?rest_route=\/wp\/v2\/posts"}],"about":[{"href":"https:\/\/zonaroja.com.mx\/index.php?rest_route=\/wp\/v2\/types\/post"}],"author":[{"embeddable":true,"href":"https:\/\/zonaroja.com.mx\/index.php?rest_route=\/wp\/v2\/users\/2"}],"replies":[{"embeddable":true,"href":"https:\/\/zonaroja.com.mx\/index.php?rest_route=%2Fwp%2Fv2%2Fcomments&post=19363"}],"version-history":[{"count":1,"href":"https:\/\/zonaroja.com.mx\/index.php?rest_route=\/wp\/v2\/posts\/19363\/revisions"}],"predecessor-version":[{"id":19364,"href":"https:\/\/zonaroja.com.mx\/index.php?rest_route=\/wp\/v2\/posts\/19363\/revisions\/19364"}],"wp:featuredmedia":[{"embeddable":true,"href":"https:\/\/zonaroja.com.mx\/index.php?rest_route=\/wp\/v2\/media\/18728"}],"wp:attachment":[{"href":"https:\/\/zonaroja.com.mx\/index.php?rest_route=%2Fwp%2Fv2%2Fmedia&parent=19363"}],"wp:term":[{"taxonomy":"category","embeddable":true,"href":"https:\/\/zonaroja.com.mx\/index.php?rest_route=%2Fwp%2Fv2%2Fcategories&post=19363"},{"taxonomy":"post_tag","embeddable":true,"href":"https:\/\/zonaroja.com.mx\/index.php?rest_route=%2Fwp%2Fv2%2Ftags&post=19363"}],"curies":[{"name":"wp","href":"https:\/\/api.w.org\/{rel}","templated":true}]}}