{"id":19365,"date":"2020-10-28T22:07:55","date_gmt":"2020-10-29T04:07:55","guid":{"rendered":"http:\/\/www.zonaroja.com.mx\/?p=19365"},"modified":"2020-10-28T22:08:05","modified_gmt":"2020-10-29T04:08:05","slug":"en-curso-revocacion-de-ediles-de-tlaxiaco-e-ixtlahuaca-cesar-morales","status":"publish","type":"post","link":"https:\/\/zonaroja.com.mx\/?p=19365","title":{"rendered":"En curso, revocaci\u00f3n de ediles de Tlaxiaco e Ixtlahuaca: C\u00e9sar Morales"},"content":{"rendered":"\n<p>Yuridiana Sosa\/Zona Roja.<\/p>\n\n\n\n<p>Oaxaca de Ju\u00e1rez, Oax., 28 de octubre de 2020.- Por incumplir con la aplicaci\u00f3n de medidas sanitarias frente a la pandemia de Covid-19 y poner en riesgo la vida de su poblaci\u00f3n, la revocaci\u00f3n de mandatos para los presidentes de la Heroica Ciudad de Tlaxiaco y San Pedro Ixtlahuaca est\u00e1 en proceso en la Comisi\u00f3n de Gobernaci\u00f3n.<\/p>\n\n\n\n<p>As\u00ed lo dio a conocer este mi\u00e9rcoles el diputado C\u00e9sar Morales Ni\u00f1o durante la sesi\u00f3n de la Diputaci\u00f3n Permanente de la 64 Legislatura del Congreso de Oaxaca, donde expuso que esta acci\u00f3n es parte del decreto 1624, que establece que se proceder\u00e1 a la revocaci\u00f3n de mandato a concejales que desacaten las medidas sanitarias, por lo que las autoridades de los 570 municipios del estado deben evitar y prohibir actividades que impliquen la concentraci\u00f3n de ciudadanos.<\/p>\n\n\n\n<p>El legislador indic\u00f3 que ha interpuesto la debida solicitud para las autoridades de Tlaxiaco, en la regi\u00f3n Mixteca, encabezada por Gaudencio Ortiz Cruz, y San Pedro Ixtlahuaca, en los Valles Centrales, que dirige Manuel Duarte P\u00e9rez, por permitir la celebraci\u00f3n de fiestas patronales.<\/p>\n\n\n\n<p>Las festividades se efectuaron con convivios masivos y celebraciones religiosas aglomeradas, caminatas, entre otras actividades que motivaron a no respetar el distanciamiento social y dejaron a un lado las medidas de sanidad ante el Covid-19.<\/p>\n\n\n\n<p>Morales Ni\u00f1o destac\u00f3 que sobre la aplicaci\u00f3n de las medidas se ha pronunciado de manera general, efectuando llamados continuos a las autoridades a vigilar sus aplicaciones.<\/p>\n\n\n\n<p>El 19 de agosto, la 64 Legislatura local aprob\u00f3 reformas a la Ley Org\u00e1nica Municipal del Estado de Oaxaca para aplicar dichas sanciones.<\/p>\n\n\n\n<p>En los art\u00edculos 44, 58, y 61 de la legislaci\u00f3n se a\u00f1adieron fraccione para que los ayuntamientos y sus funcionarios cumplan su gesti\u00f3n en apego a la protecci\u00f3n al derecho humano a la salud de sus habitantes o en caso contrario, se establece la eventual separaci\u00f3n al cargo de uno o varios integrantes de los Cabildos.<\/p>\n\n\n\n<p>Tambi\u00e9n, en el art\u00edculo 58, se estableci\u00f3 que la desaparici\u00f3n de poderes ser\u00eda viable tras poner en riesgo la vida, salud, dignidad o la violaci\u00f3n reiterada, por parte del ayuntamiento, a los derechos humanos y las garant\u00edas de sus habitantes, consignadas en la Constituci\u00f3n Pol\u00edtica de los Estados Unidos Mexicanos y en la Constituci\u00f3n local.<\/p>\n\n\n\n<p>Mientras que en el art\u00edculo 61 qued\u00f3 plasmado que los integrantes del cuerpo edilicio en cuyo actuar u omisi\u00f3n toleren y realicen conductas escudadas en sus facultades, contraviniendo con ello las disposiciones emitidas por las autoridades sanitarias, podr\u00eda ser causal suficiente para la revocaci\u00f3n de mandato.<\/p>\n","protected":false},"excerpt":{"rendered":"<p>Yuridiana Sosa\/Zona Roja. Oaxaca de Ju\u00e1rez, Oax., 28 de octubre de 2020.- Por incumplir con&hellip;<\/p>\n","protected":false},"author":2,"featured_media":19366,"comment_status":"closed","ping_status":"open","sticky":false,"template":"","format":"standard","meta":{"_lmt_disableupdate":"","_lmt_disable":"","_jetpack_memberships_contains_paid_content":false,"footnotes":""},"categories":[109,47],"tags":[612],"class_list":["post-19365","post","type-post","status-publish","format-standard","has-post-thumbnail","hentry","category-minuto-a-minuto","category-zona-gris","tag-cesar-morales-nino"],"jetpack_featured_media_url":"https:\/\/zonaroja.com.mx\/wp-content\/uploads\/2020\/10\/Cesar-Morales-Nino.jpg","jetpack_sharing_enabled":true,"_links":{"self":[{"href":"https:\/\/zonaroja.com.mx\/index.php?rest_route=\/wp\/v2\/posts\/19365","targetHints":{"allow":["GET"]}}],"collection":[{"href":"https:\/\/zonaroja.com.mx\/index.php?rest_route=\/wp\/v2\/posts"}],"about":[{"href":"https:\/\/zonaroja.com.mx\/index.php?rest_route=\/wp\/v2\/types\/post"}],"author":[{"embeddable":true,"href":"https:\/\/zonaroja.com.mx\/index.php?rest_route=\/wp\/v2\/users\/2"}],"replies":[{"embeddable":true,"href":"https:\/\/zonaroja.com.mx\/index.php?rest_route=%2Fwp%2Fv2%2Fcomments&post=19365"}],"version-history":[{"count":1,"href":"https:\/\/zonaroja.com.mx\/index.php?rest_route=\/wp\/v2\/posts\/19365\/revisions"}],"predecessor-version":[{"id":19367,"href":"https:\/\/zonaroja.com.mx\/index.php?rest_route=\/wp\/v2\/posts\/19365\/revisions\/19367"}],"wp:featuredmedia":[{"embeddable":true,"href":"https:\/\/zonaroja.com.mx\/index.php?rest_route=\/wp\/v2\/media\/19366"}],"wp:attachment":[{"href":"https:\/\/zonaroja.com.mx\/index.php?rest_route=%2Fwp%2Fv2%2Fmedia&parent=19365"}],"wp:term":[{"taxonomy":"category","embeddable":true,"href":"https:\/\/zonaroja.com.mx\/index.php?rest_route=%2Fwp%2Fv2%2Fcategories&post=19365"},{"taxonomy":"post_tag","embeddable":true,"href":"https:\/\/zonaroja.com.mx\/index.php?rest_route=%2Fwp%2Fv2%2Ftags&post=19365"}],"curies":[{"name":"wp","href":"https:\/\/api.w.org\/{rel}","templated":true}]}}