{"id":19368,"date":"2020-10-28T22:23:02","date_gmt":"2020-10-29T04:23:02","guid":{"rendered":"http:\/\/www.zonaroja.com.mx\/?p=19368"},"modified":"2020-10-28T22:23:06","modified_gmt":"2020-10-29T04:23:06","slug":"van-120-horas-sin-zayra-leticia-familiares-exigen-a-fgo-inmediata-localizacion","status":"publish","type":"post","link":"https:\/\/zonaroja.com.mx\/?p=19368","title":{"rendered":"\u201cVan 120 horas sin Zayra Leticia\u201d; familiares exigen a FGO inmediata localizaci\u00f3n"},"content":{"rendered":"\n<p>Yuridiana Sosa\/Zona Roja.<\/p>\n\n\n\n<p>Oaxaca de Ju\u00e1rez, Oax., 28 de octubre de 2020.- Familiares de Zayra Leticia, joven desaparecida en la Mixteca, y activistas realizaron una protesta pac\u00edfica en el kiosco del z\u00f3calo de la capital oaxaque\u00f1a para exigir a la Fiscal\u00eda General del Estado de Oaxaca (FGEO) inmediata b\u00fasqueda para la localizaci\u00f3n con vida de la mujer madre de familia.<\/p>\n\n\n\n<p>A cinco d\u00edas de los hechos y sin noticias importantes sobre su paradero, la familia, amigos y mujeres de la sociedad civil se unieron para alzar la voz en demanda de justicia por las desapariciones de al menos una treintena de mujeres en el mes de octubre en nuestra entidad.<\/p>\n\n\n\n<p>Zayra Leticia Morales Loyola, de 29 a\u00f1os, fue vista por \u00faltima vez el pasado 23 de octubre en Santa Mar\u00eda Xochixtlapilco, del municipio de Huajuapan de Le\u00f3n, cuando sali\u00f3 de casa camino a un establecimiento de comida a dos cuadras de distancia, pero no regres\u00f3.<\/p>\n\n\n\n<p>Durante el mitin, desde el kiosko, frente al Palacio de Gobierno, se inform\u00f3 que la familia, amigos y poblaci\u00f3n se unieron para conformar brigadas de b\u00fasqueda en calles, lotes bald\u00edos, r\u00edos, veredas callejones, parcelas, zanjas, buscando pistas.<\/p>\n\n\n\n<p>Pero recalcaron la exigencia de trabajos de investigaci\u00f3n de la Vicefiscal\u00eda Regional de la Mixteca que dirige Jorge Flores, para la localizaci\u00f3n con vida de Zayrla, y al Fiscal general, Rub\u00e9n Vasconcelos , demandaron \u201cdeje de ser omiso\u201d.<\/p>\n\n\n\n<figure class=\"wp-block-embed-twitter wp-block-embed is-type-rich is-provider-twitter\"><div class=\"wp-block-embed__wrapper\">\n<div class=\"twitter-tweet\"><blockquote class=\"twitter-tweet\" data-lang=\"es\"><p lang=\"es\" dir=\"ltr\"><a href=\"https:\/\/twitter.com\/hashtag\/ENVIVO?src=hash&amp;ref_src=twsrc%5Etfw\">#ENVIVO<\/a><br><br>Oaxaca de Ju\u00e1rez, Oax., 28 de octubre de 2020.- Familiares de Zayra Leticia, desaparecida desde el pasado viernes en Xochixtlapilco, Huajuapan, protestan para exigir a las autoridades la b\u00fasqueda y pronta localizaci\u00f3n de la joven.<br>Aqu\u00ed \ud83d\udc47<a href=\"https:\/\/t.co\/yoyVZtxJkl\">https:\/\/t.co\/yoyVZtxJkl<\/a> <a href=\"https:\/\/t.co\/cxc0CdWxAp\">pic.twitter.com\/cxc0CdWxAp<\/a><\/p>&mdash; Zona Roja Oaxaca (@MexRoja) <a href=\"https:\/\/twitter.com\/MexRoja\/status\/1321600232845537280?ref_src=twsrc%5Etfw\">28 de octubre de 2020<\/a><\/blockquote><\/div>\n<\/div><\/figure>\n\n\n\n<p>\u201cEl acceso a la justicia no es una realidad para todas las personas, sabemos que el emprender procesos de denuncias son una tortura para las familias, se encuentran con toda la burocracia institucional, la corrupci\u00f3n, la indiferencia, la misoginia, discriminaci\u00f3n y revictimizaci\u00f3n por parte de los servidores p\u00fablicos\u201d, sentenciaron.<\/p>\n\n\n\n<p>Desafortunadamente, la joven madre de dos peque\u00f1os ingres\u00f3 a la estad\u00edstica de mujeres v\u00edctimas de ser desaparecidas; de acuerdo datos aportados por las activistas, en Oaxaca se reportan como no localizadas cuatro mujeres al d\u00eda cuatro mujeres, mientras que, durante el presente a\u00f1o 85 oaxaque\u00f1as han sido v\u00edctimas de feminicidio.<\/p>\n\n\n\n<p>\u201cNo podemos bajar la guardia (en la lucha), aunque sabemos que estamos en medio de una emergencia sanitaria mundial, sabemos que no nos podemos quedar en casa a que la justicia llegue\u201d, manifestaron desde un altavoz.<\/p>\n\n\n\n<p>Previo a la desaparici\u00f3n de la joven de 29 a\u00f1os de edad se reuni\u00f3 con el padre de sus hijos, por lo que el sujeto ha sido se\u00f1alado como el principal sospechoso de la desaparici\u00f3n de la joven, ya que previamente hab\u00eda ejercido violencia en su contra, aunque se mantienen las investigaciones.<\/p>\n","protected":false},"excerpt":{"rendered":"<p>Yuridiana Sosa\/Zona Roja. Oaxaca de Ju\u00e1rez, Oax., 28 de octubre de 2020.- Familiares de Zayra&hellip;<\/p>\n","protected":false},"author":2,"featured_media":19369,"comment_status":"closed","ping_status":"open","sticky":false,"template":"","format":"standard","meta":{"_lmt_disableupdate":"","_lmt_disable":"","_jetpack_memberships_contains_paid_content":false,"footnotes":""},"categories":[109,47],"tags":[1910,2146],"class_list":["post-19368","post","type-post","status-publish","format-standard","has-post-thumbnail","hentry","category-minuto-a-minuto","category-zona-gris","tag-feministas-de-oaxaca","tag-zayra-leticia-morales-loyola"],"jetpack_featured_media_url":"https:\/\/zonaroja.com.mx\/wp-content\/uploads\/2020\/10\/Busqueda-Zayra-Leticia.jpg","jetpack_sharing_enabled":true,"_links":{"self":[{"href":"https:\/\/zonaroja.com.mx\/index.php?rest_route=\/wp\/v2\/posts\/19368","targetHints":{"allow":["GET"]}}],"collection":[{"href":"https:\/\/zonaroja.com.mx\/index.php?rest_route=\/wp\/v2\/posts"}],"about":[{"href":"https:\/\/zonaroja.com.mx\/index.php?rest_route=\/wp\/v2\/types\/post"}],"author":[{"embeddable":true,"href":"https:\/\/zonaroja.com.mx\/index.php?rest_route=\/wp\/v2\/users\/2"}],"replies":[{"embeddable":true,"href":"https:\/\/zonaroja.com.mx\/index.php?rest_route=%2Fwp%2Fv2%2Fcomments&post=19368"}],"version-history":[{"count":1,"href":"https:\/\/zonaroja.com.mx\/index.php?rest_route=\/wp\/v2\/posts\/19368\/revisions"}],"predecessor-version":[{"id":19370,"href":"https:\/\/zonaroja.com.mx\/index.php?rest_route=\/wp\/v2\/posts\/19368\/revisions\/19370"}],"wp:featuredmedia":[{"embeddable":true,"href":"https:\/\/zonaroja.com.mx\/index.php?rest_route=\/wp\/v2\/media\/19369"}],"wp:attachment":[{"href":"https:\/\/zonaroja.com.mx\/index.php?rest_route=%2Fwp%2Fv2%2Fmedia&parent=19368"}],"wp:term":[{"taxonomy":"category","embeddable":true,"href":"https:\/\/zonaroja.com.mx\/index.php?rest_route=%2Fwp%2Fv2%2Fcategories&post=19368"},{"taxonomy":"post_tag","embeddable":true,"href":"https:\/\/zonaroja.com.mx\/index.php?rest_route=%2Fwp%2Fv2%2Ftags&post=19368"}],"curies":[{"name":"wp","href":"https:\/\/api.w.org\/{rel}","templated":true}]}}