{"id":19371,"date":"2020-10-28T22:30:03","date_gmt":"2020-10-29T04:30:03","guid":{"rendered":"http:\/\/www.zonaroja.com.mx\/?p=19371"},"modified":"2020-10-28T22:30:07","modified_gmt":"2020-10-29T04:30:07","slug":"en-protesta-regresa-la-14-de-junio-al-zocalo-denuncian-incumplimientos","status":"publish","type":"post","link":"https:\/\/zonaroja.com.mx\/?p=19371","title":{"rendered":"En protesta, regresa la \u201c14 de Junio\u201d al z\u00f3calo; denuncian incumplimientos"},"content":{"rendered":"\n<p>Yuridiana Sosa\/Zona Roja.<\/p>\n\n\n\n<p>Oaxaca de Ju\u00e1rez, Oax., 28 de octubre de 2020.- A poco m\u00e1s de dos semanas de su retiro, la organizaci\u00f3n Frente Popular \u201c14 de Junio\u201d regres\u00f3 este mi\u00e9rcoles en \u201cplant\u00f3n\u201d al z\u00f3calo y Alameda de Le\u00f3n de la ciudad de Oaxaca.<\/p>\n\n\n\n<p>Con el apoyo de los trabajadores de los juegos mec\u00e1nicos y entretenimientos de ferias, as\u00ed como vendedores informales, el gremio volvi\u00f3 a su protesta para denunciar el incumplimiento e incapacidad de la Fiscal\u00eda General del Estado para la revisi\u00f3n de los casos de sus dirigentes detenidos por diversos delitos.<\/p>\n\n\n\n<p>\u201cAndr\u00e9s Manuel L\u00f3pez Obrador, pedimos se conforme por parte del gobierno federal una comisi\u00f3n revisora y observadora de todas las carpetas de investigaci\u00f3n a l\u00edderes sociales\u201d, se lee en una de las lonas que colgaron los manifestantes.<\/p>\n\n\n\n<p>Desde temprana hora, los integrantes de la organizaci\u00f3n arribaron a la Plaza de la Constituci\u00f3n, donde de forma inmediata cada uno de los ambulantes apart\u00f3 sus espacios alrededor del z\u00f3calo.<\/p>\n\n\n\n<figure class=\"wp-block-embed-twitter wp-block-embed is-type-rich is-provider-twitter\"><div class=\"wp-block-embed__wrapper\">\n<div class=\"twitter-tweet\"><blockquote class=\"twitter-tweet\" data-lang=\"es\"><p lang=\"es\" dir=\"ltr\">El z\u00f3calo de la ciudad de <a href=\"https:\/\/twitter.com\/hashtag\/Oaxaca?src=hash&amp;ref_src=twsrc%5Etfw\">#Oaxaca<\/a> se llen\u00f3 de nuevo de puestos ambulantes y juegos mec\u00e1nicos; y ahora los afiliados al Frente Popular \u201c14 de Junio\u201d se extienden tambi\u00e9n a la Alameda de Le\u00f3n, ante las ausencia de autoridad por parte del <a href=\"https:\/\/twitter.com\/MunicipioOaxaca?ref_src=twsrc%5Etfw\">@MunicipioOaxaca<\/a>. <a href=\"https:\/\/t.co\/hE1UTa4UoF\">pic.twitter.com\/hE1UTa4UoF<\/a><\/p>&mdash; Zona Roja Oaxaca (@MexRoja) <a href=\"https:\/\/twitter.com\/MexRoja\/status\/1321661351870177281?ref_src=twsrc%5Etfw\">29 de octubre de 2020<\/a><\/blockquote><\/div>\n<\/div><\/figure>\n\n\n\n<p>Apenas el pasado 11 de octubre la \u201c14 de Junio\u201d anunci\u00f3 su retiro, luego que la Fiscal\u00eda de Oaxaca cedi\u00f3 a revisar los casos de los l\u00edderes sociales, as\u00ed como por medidas sanitarias frente al Covid-19 y evitar se\u00f1alamientos de ser un foco de contagios.<\/p>\n\n\n\n<p>Pero sus \u201cbuena voluntad\u201d frente al pandemia concluy\u00f3, pues tambi\u00e9n exigen apoyos por parte del Gobierno del Estado para el gremio de los que se denominan \u201cferieros\u201d, que desde el inicio de la contingencia sanitaria quedaron desempleados.<\/p>\n\n\n\n<p>La organizaci\u00f3n \u201c14 de Junio\u201d comenz\u00f3 un primer \u201cplant\u00f3n\u201d el pasado 16 de septiembre, al que el 1 de octubre se unieron los trabajadores de las ferias para hacer presi\u00f3n al gobierno estatal.<\/p>\n","protected":false},"excerpt":{"rendered":"<p>Yuridiana Sosa\/Zona Roja. Oaxaca de Ju\u00e1rez, Oax., 28 de octubre de 2020.- A poco m\u00e1s&hellip;<\/p>\n","protected":false},"author":2,"featured_media":19372,"comment_status":"closed","ping_status":"open","sticky":false,"template":"","format":"standard","meta":{"_lmt_disableupdate":"","_lmt_disable":"","_jetpack_memberships_contains_paid_content":false,"footnotes":""},"categories":[109,47],"tags":[2018],"class_list":["post-19371","post","type-post","status-publish","format-standard","has-post-thumbnail","hentry","category-minuto-a-minuto","category-zona-gris","tag-frente-popular-14-de-junio-oaxaca"],"jetpack_featured_media_url":"https:\/\/zonaroja.com.mx\/wp-content\/uploads\/2020\/10\/Feria-y-ambulantes-zocalo.jpg","jetpack_sharing_enabled":true,"_links":{"self":[{"href":"https:\/\/zonaroja.com.mx\/index.php?rest_route=\/wp\/v2\/posts\/19371","targetHints":{"allow":["GET"]}}],"collection":[{"href":"https:\/\/zonaroja.com.mx\/index.php?rest_route=\/wp\/v2\/posts"}],"about":[{"href":"https:\/\/zonaroja.com.mx\/index.php?rest_route=\/wp\/v2\/types\/post"}],"author":[{"embeddable":true,"href":"https:\/\/zonaroja.com.mx\/index.php?rest_route=\/wp\/v2\/users\/2"}],"replies":[{"embeddable":true,"href":"https:\/\/zonaroja.com.mx\/index.php?rest_route=%2Fwp%2Fv2%2Fcomments&post=19371"}],"version-history":[{"count":1,"href":"https:\/\/zonaroja.com.mx\/index.php?rest_route=\/wp\/v2\/posts\/19371\/revisions"}],"predecessor-version":[{"id":19373,"href":"https:\/\/zonaroja.com.mx\/index.php?rest_route=\/wp\/v2\/posts\/19371\/revisions\/19373"}],"wp:featuredmedia":[{"embeddable":true,"href":"https:\/\/zonaroja.com.mx\/index.php?rest_route=\/wp\/v2\/media\/19372"}],"wp:attachment":[{"href":"https:\/\/zonaroja.com.mx\/index.php?rest_route=%2Fwp%2Fv2%2Fmedia&parent=19371"}],"wp:term":[{"taxonomy":"category","embeddable":true,"href":"https:\/\/zonaroja.com.mx\/index.php?rest_route=%2Fwp%2Fv2%2Fcategories&post=19371"},{"taxonomy":"post_tag","embeddable":true,"href":"https:\/\/zonaroja.com.mx\/index.php?rest_route=%2Fwp%2Fv2%2Ftags&post=19371"}],"curies":[{"name":"wp","href":"https:\/\/api.w.org\/{rel}","templated":true}]}}