{"id":19374,"date":"2020-10-28T22:37:19","date_gmt":"2020-10-29T04:37:19","guid":{"rendered":"http:\/\/www.zonaroja.com.mx\/?p=19374"},"modified":"2020-10-28T22:37:23","modified_gmt":"2020-10-29T04:37:23","slug":"oaxaca-segunda-entidad-del-pais-con-mas-poblacion-indigena-con-covid","status":"publish","type":"post","link":"https:\/\/zonaroja.com.mx\/?p=19374","title":{"rendered":"Oaxaca, segunda entidad del pa\u00eds con m\u00e1s poblaci\u00f3n ind\u00edgena con Covid"},"content":{"rendered":"\n<p>Redacci\u00f3n\/Zona Roja.<\/p>\n\n\n\n<p>Oaxaca de Ju\u00e1rez, Oax., 28 de octubre de 2020.- La Secretar\u00eda de Salud federal inform\u00f3 que Oaxaca ocupa el segundo lugar nacional por el n\u00famero de ind\u00edgenas contagiados por Covid-19; lo rebasa Yucat\u00e1n y le precede San Luis Potos\u00ed, Estado de M\u00e9xico y Ciudad de M\u00e9xico.<\/p>\n\n\n\n<p>Mientras tanto, los Servicios de Salud de Oaxaca informaron que de acuerdo con el reporte t\u00e9cnico de informaci\u00f3n sobre la pandemia, emitido este 28 de octubre, en las \u00faltimas 24 horas se agregaron 155 pacientes positivos en 44 municipios, y lamentaron que este d\u00eda se reportar\u00e1n nueve defunciones m\u00e1s a causa de la enfermedad respiratoria, por lo que se tiene un global de mil 628 decesos.<\/p>\n\n\n\n<p>En un comunicado, la instancia especific\u00f3 que los municipios con alta incidencia de casos nuevos en el reporte de este mi\u00e9rcoles son: Oaxaca de Ju\u00e1rez con un aumento de 50 confirmados, Santa Luc\u00eda del Camino y Villa de Zaachila con 10; y por primera vez la zona de Huautepec, perteneciente al Distrito de Teotitl\u00e1n de Flores Mag\u00f3n que contabiliz\u00f3 un contagio.<\/p>\n\n\n\n<p>Se\u00f1al\u00f3 que se tiene un total de nueve mil 043 personas con resultados negativo al padecimiento, tres mil 449 est\u00e1n como sospechosos, 18 mil 646 pacientes se han recuperado y 551 cursan la infecci\u00f3n viral en etapa activa, pues se trata de las personas que enfermaron en los \u00faltimos 14 d\u00edas.<\/p>\n\n\n\n<figure class=\"wp-block-embed-twitter wp-block-embed is-type-rich is-provider-twitter\"><div class=\"wp-block-embed__wrapper\">\n<div class=\"twitter-tweet\"><blockquote class=\"twitter-tweet\" data-lang=\"es\"><p lang=\"es\" dir=\"ltr\"><a href=\"https:\/\/twitter.com\/hashtag\/%C3%9AltimoMinuto?src=hash&amp;ref_src=twsrc%5Etfw\">#\u00daltimoMinuto<\/a><br>En <a href=\"https:\/\/twitter.com\/hashtag\/Oaxaca?src=hash&amp;ref_src=twsrc%5Etfw\">#Oaxaca<\/a>, los Servicios de Salud informaron que en las \u00faltimas 24 horas se registraron 155 casos positivos y 9 fallecimientos; Seg\u00fan Salud federal, Oaxaca junto con Yucat\u00e1n y San Luis Potos\u00ed, concentran la mayor cantidad de casos confirmados.<a href=\"https:\/\/twitter.com\/hashtag\/Qu%C3%A9dateEnCasaA%C3%BAn?src=hash&amp;ref_src=twsrc%5Etfw\">#Qu\u00e9dateEnCasaA\u00fan<\/a> <a href=\"https:\/\/t.co\/cdNsOiiNXp\">pic.twitter.com\/cdNsOiiNXp<\/a><\/p>&mdash; Zona Roja Oaxaca (@MexRoja) <a href=\"https:\/\/twitter.com\/MexRoja\/status\/1321638394934427648?ref_src=twsrc%5Etfw\">29 de octubre de 2020<\/a><\/blockquote><\/div>\n<\/div><\/figure>\n\n\n\n<p>Precis\u00f3 que del total de positivos, desde el inicio de la emergencia sanitaria se tiene documentado que 16 mil 821 pacientes han cursado los s\u00edntomas en aislamiento domiciliario y cuatro mil 054 han requerido hospitalizaci\u00f3n. Del global, nueve mil 667 son mujeres y 11 mil 208 hombres.<\/p>\n\n\n\n<p>Especific\u00f3 que la Jurisdicci\u00f3n Sanitaria de Valles Centrales persiste como la zona m\u00e1s afectada con 13 mil 918 acumulados, seguido por el Istmo con dos mil 067, Tuxtepec con mil 822, Mixteca con mil 480, Costa con mil 044, y Sierra con 544.<\/p>\n\n\n\n<p>Confirm\u00f3 que del personal del sector salud que ha dado positivo a COVID-19, mil 198 son de enfermer\u00eda, 907 m\u00e9dicos y 905 trabajadores de otras \u00e1reas, para sumar tres mil 10.<\/p>\n\n\n\n<p>Asimismo, la red hospitalaria se encuentra al 31.6% de ocupaci\u00f3n, de este global el 37.7% son camas de observaci\u00f3n y 21.6% con ventilador.<\/p>\n","protected":false},"excerpt":{"rendered":"<p>Redacci\u00f3n\/Zona Roja. Oaxaca de Ju\u00e1rez, Oax., 28 de octubre de 2020.- La Secretar\u00eda de Salud&hellip;<\/p>\n","protected":false},"author":2,"featured_media":19375,"comment_status":"closed","ping_status":"open","sticky":false,"template":"","format":"standard","meta":{"_lmt_disableupdate":"","_lmt_disable":"","_jetpack_memberships_contains_paid_content":false,"footnotes":""},"categories":[109,47],"tags":[1512],"class_list":["post-19374","post","type-post","status-publish","format-standard","has-post-thumbnail","hentry","category-minuto-a-minuto","category-zona-gris","tag-coronavirus-oaxaca"],"jetpack_featured_media_url":"https:\/\/zonaroja.com.mx\/wp-content\/uploads\/2020\/10\/SSO-1-4-2.jpeg","jetpack_sharing_enabled":true,"_links":{"self":[{"href":"https:\/\/zonaroja.com.mx\/index.php?rest_route=\/wp\/v2\/posts\/19374","targetHints":{"allow":["GET"]}}],"collection":[{"href":"https:\/\/zonaroja.com.mx\/index.php?rest_route=\/wp\/v2\/posts"}],"about":[{"href":"https:\/\/zonaroja.com.mx\/index.php?rest_route=\/wp\/v2\/types\/post"}],"author":[{"embeddable":true,"href":"https:\/\/zonaroja.com.mx\/index.php?rest_route=\/wp\/v2\/users\/2"}],"replies":[{"embeddable":true,"href":"https:\/\/zonaroja.com.mx\/index.php?rest_route=%2Fwp%2Fv2%2Fcomments&post=19374"}],"version-history":[{"count":1,"href":"https:\/\/zonaroja.com.mx\/index.php?rest_route=\/wp\/v2\/posts\/19374\/revisions"}],"predecessor-version":[{"id":19376,"href":"https:\/\/zonaroja.com.mx\/index.php?rest_route=\/wp\/v2\/posts\/19374\/revisions\/19376"}],"wp:featuredmedia":[{"embeddable":true,"href":"https:\/\/zonaroja.com.mx\/index.php?rest_route=\/wp\/v2\/media\/19375"}],"wp:attachment":[{"href":"https:\/\/zonaroja.com.mx\/index.php?rest_route=%2Fwp%2Fv2%2Fmedia&parent=19374"}],"wp:term":[{"taxonomy":"category","embeddable":true,"href":"https:\/\/zonaroja.com.mx\/index.php?rest_route=%2Fwp%2Fv2%2Fcategories&post=19374"},{"taxonomy":"post_tag","embeddable":true,"href":"https:\/\/zonaroja.com.mx\/index.php?rest_route=%2Fwp%2Fv2%2Ftags&post=19374"}],"curies":[{"name":"wp","href":"https:\/\/api.w.org\/{rel}","templated":true}]}}