{"id":19385,"date":"2020-10-29T09:55:36","date_gmt":"2020-10-29T15:55:36","guid":{"rendered":"http:\/\/www.zonaroja.com.mx\/?p=19385"},"modified":"2020-10-29T09:58:46","modified_gmt":"2020-10-29T15:58:46","slug":"oaxaca-de-juarez-reprobado-en-el-combate-al-narcomenudeo-violacion-y-violencia-intrafamiliar","status":"publish","type":"post","link":"https:\/\/zonaroja.com.mx\/?p=19385","title":{"rendered":"Oaxaca de Ju\u00e1rez, reprobado en el combate al narcomenudeo, violaci\u00f3n y violencia intrafamiliar"},"content":{"rendered":"\n<p>Redacci\u00f3n\/Estado 20.<\/p>\n\n\n\n<p>Oaxaca de Ju\u00e1rez, Oax., 29 de octubre de 2020.- Con cifras actualizadas al mes de septiembre pasado, el municipio de Oaxaca de Ju\u00e1rez fue reprobado en tres de los 11 rubros que conforman la medici\u00f3n de Sem\u00e1foro Delictivo y en uno m\u00e1s recibi\u00f3 luz amarilla.<\/p>\n\n\n\n<p>De acuerdo con la plataforma, las autoridades de seguridad de la capital del estado que encabeza Oswaldo Garc\u00eda Jarqu\u00edn, recibieron luz roja o calificaci\u00f3n reprobatoria en el combate al narcomenudeo, violaci\u00f3n y violencia intrafamiliar.<\/p>\n\n\n\n<p>Asimismo, la asociaci\u00f3n civil Sem\u00e1foro Delictivo report\u00f3 que en lo que se refiere al robo de negocios, las autoridades capitalinas obtuvieron sem\u00e1foro amarillo, debido a que las cifras reportadas en aquel delito, permanecen por arriba de los n\u00fameros recomendados.<\/p>\n\n\n\n<p>En m\u00e1s informaci\u00f3n sobre los municipios que conforman la zona metropolitana de la ciudad de Oaxaca, la plataforma indic\u00f3 que Santa Luc\u00eda del Camino fue reprobado en su estrategia de combate contra la ocurrencia de homicidios, robo a casa habitaci\u00f3n y violencia intrafamiliar.<\/p>\n\n\n\n<p>Adem\u00e1s de ello, Santa Luc\u00eda del Camino, que encabeza el edil morenista, Dante Monta\u00f1o, recibi\u00f3 calificaci\u00f3n preventiva en robo a negocios.<\/p>\n\n\n\n<p>En Santa Cruz Xoxocotl\u00e1n, por su parte, las autoridades, que son encabezadas por Alejandro Jarqu\u00edn, fueron reprobadas en el combate al delito de homicidio y violencia intrafamiliar.<\/p>\n\n\n\n<p>Sem\u00e1foro Delictivo basa sus estad\u00edsticas en las cifras proporcionadas por el Secretariado Ejecutivo del Sistema Nacional de Seguridad P\u00fablica.<\/p>\n","protected":false},"excerpt":{"rendered":"<p>Redacci\u00f3n\/Estado 20. Oaxaca de Ju\u00e1rez, Oax., 29 de octubre de 2020.- Con cifras actualizadas al&hellip;<\/p>\n","protected":false},"author":2,"featured_media":19386,"comment_status":"closed","ping_status":"open","sticky":false,"template":"","format":"standard","meta":{"_lmt_disableupdate":"","_lmt_disable":"","_jetpack_memberships_contains_paid_content":false,"footnotes":""},"categories":[109,47],"tags":[148,1065],"class_list":["post-19385","post","type-post","status-publish","format-standard","has-post-thumbnail","hentry","category-minuto-a-minuto","category-zona-gris","tag-oaxaca-de-juarez","tag-semaforo-delictivo"],"jetpack_featured_media_url":"https:\/\/zonaroja.com.mx\/wp-content\/uploads\/2020\/10\/Policia-municipal-2.png","jetpack_sharing_enabled":true,"_links":{"self":[{"href":"https:\/\/zonaroja.com.mx\/index.php?rest_route=\/wp\/v2\/posts\/19385","targetHints":{"allow":["GET"]}}],"collection":[{"href":"https:\/\/zonaroja.com.mx\/index.php?rest_route=\/wp\/v2\/posts"}],"about":[{"href":"https:\/\/zonaroja.com.mx\/index.php?rest_route=\/wp\/v2\/types\/post"}],"author":[{"embeddable":true,"href":"https:\/\/zonaroja.com.mx\/index.php?rest_route=\/wp\/v2\/users\/2"}],"replies":[{"embeddable":true,"href":"https:\/\/zonaroja.com.mx\/index.php?rest_route=%2Fwp%2Fv2%2Fcomments&post=19385"}],"version-history":[{"count":2,"href":"https:\/\/zonaroja.com.mx\/index.php?rest_route=\/wp\/v2\/posts\/19385\/revisions"}],"predecessor-version":[{"id":19388,"href":"https:\/\/zonaroja.com.mx\/index.php?rest_route=\/wp\/v2\/posts\/19385\/revisions\/19388"}],"wp:featuredmedia":[{"embeddable":true,"href":"https:\/\/zonaroja.com.mx\/index.php?rest_route=\/wp\/v2\/media\/19386"}],"wp:attachment":[{"href":"https:\/\/zonaroja.com.mx\/index.php?rest_route=%2Fwp%2Fv2%2Fmedia&parent=19385"}],"wp:term":[{"taxonomy":"category","embeddable":true,"href":"https:\/\/zonaroja.com.mx\/index.php?rest_route=%2Fwp%2Fv2%2Fcategories&post=19385"},{"taxonomy":"post_tag","embeddable":true,"href":"https:\/\/zonaroja.com.mx\/index.php?rest_route=%2Fwp%2Fv2%2Ftags&post=19385"}],"curies":[{"name":"wp","href":"https:\/\/api.w.org\/{rel}","templated":true}]}}