{"id":19393,"date":"2020-10-29T15:10:26","date_gmt":"2020-10-29T21:10:26","guid":{"rendered":"http:\/\/www.zonaroja.com.mx\/?p=19393"},"modified":"2020-10-29T15:10:29","modified_gmt":"2020-10-29T21:10:29","slug":"ante-nulas-respuestas-del-gobierno-de-oaxaca-se-val-el-mult-a-la-cdmx","status":"publish","type":"post","link":"https:\/\/zonaroja.com.mx\/?p=19393","title":{"rendered":"Ante nulas respuestas del gobierno de Oaxaca, se val el MULT a la Cdmx"},"content":{"rendered":"\n<p>Evlin Arag\u00f3n\/Zona Roja.<\/p>\n\n\n\n<p>Oaxaca de Ju\u00e1rez, Oax., 29 de octubre de 2020.- Integrantes del Movimiento de Unificaci\u00f3n y Lucha Triqui (Mult), levantaron esta ma\u00f1ana su huelga de hambre instalada en la Alameda de Le\u00f3n de la capital y anunciaron una marcha masiva para el pr\u00f3ximo 5 de diciembre, con la intenci\u00f3n de exigir justicia y paz en la zona triqui.<\/p>\n\n\n\n<p>La pausa tiene como principal objetivo trasladar su protesta a la Ciudad de M\u00e9xico, toda vez que aseguraron tras 49 horas de huelga, no fueron atendidos por la Secretar\u00eda General de Gobierno, encabezada por Francisco Javier Garc\u00eda L\u00f3pez, ello pese a las solicitudes realizadas en tiempo y forma.&nbsp;<\/p>\n\n\n\n<p>Por lo anterior, decidieron no poner en riesgo a la militancia, ante la cerraz\u00f3n por parte de las autoridades, y ser\u00e1 hasta el pr\u00f3ximo 4 de noviembre que reanudaran su manifestaci\u00f3n, pero ahora en la capital del pa\u00eds a fin de que sean escuchados por la Secretar\u00eda de Gobernaci\u00f3n.&nbsp;<\/p>\n\n\n\n<p>\u201cEl Gobierno del Estado no nos ha escuchado, sigue el bloqueo carretero hacia el pueblo triqui por parte de integrantes del Movimiento Unificador de Lucha Triqui Independiente (MULTI) y la Unidad de Bienestar Social de la Regi\u00f3n Triqui (Ubisort), no hay condiciones para dialogar\u201d, refiri\u00f3 Rogelio Pensamientos Mesinas, dirigente del MULT.<\/p>\n\n\n\n<figure class=\"wp-block-embed-twitter wp-block-embed is-type-rich is-provider-twitter\"><div class=\"wp-block-embed__wrapper\">\n<div class=\"twitter-tweet\"><blockquote class=\"twitter-tweet\" data-lang=\"es\"><p lang=\"es\" dir=\"ltr\"><a href=\"https:\/\/twitter.com\/hashtag\/%C3%9AltimoMinuto?src=hash&amp;ref_src=twsrc%5Etfw\">#\u00daltimoMinuto<\/a> <br>El Movimiento de Unificaci\u00f3n y Lucha Triqui (MULT) levanta su \u201cplant\u00f3n\u201d y huelga de hambre en la Alameda de Le\u00f3n de Oaxaca capital. <br>Por desatenci\u00f3n del <a href=\"https:\/\/twitter.com\/GobOax?ref_src=twsrc%5Etfw\">@GobOax<\/a> <a href=\"https:\/\/twitter.com\/SEGEGO_GobOax?ref_src=twsrc%5Etfw\">@SEGEGO_GobOax<\/a>, se va a la Ciudad de M\u00e9xico a plantear sus demandas. <a href=\"https:\/\/t.co\/272OkYda4Q\">pic.twitter.com\/272OkYda4Q<\/a><\/p>&mdash; Zona Roja Oaxaca (@MexRoja) <a href=\"https:\/\/twitter.com\/MexRoja\/status\/1321874419715899395?ref_src=twsrc%5Etfw\">29 de octubre de 2020<\/a><\/blockquote><\/div>\n<\/div><\/figure>\n\n\n\n<p>Independientemente de la protesta que realizaran en la Cdmx, reiteraron que mantienen en pie el llamado a la concentraci\u00f3n masiva para el pr\u00f3ximo 5 de diciembre, para la cual pidieron el respaldo de las organizaciones afines al movimiento.&nbsp;<\/p>\n\n\n\n<p>\u201cEl movimiento se va a la Ciudad de M\u00e9xico, no quitamos el dedo del rengl\u00f3n de que el 5 de diciembre vamos a marchar con pandemia o sin pandemia para dar una muestra de la disciplina que tiene el movimiento, el cual busca que las comunidades ind\u00edgenas sean escuchadas y atendidas por los gobiernos\u201d, dijo.&nbsp;<\/p>\n\n\n\n<p>Fue apenas el pasado martes que Pensamientos Mesinas, inici\u00f3 la huelga de hambre con la finalidad de exigir que cesen los bloqueos a los accesos a comunidades triquis de Santiago Juxtlahuaca, en la regi\u00f3n Mixteca, as\u00ed como la atenci\u00f3n de las autoridades estatales.<\/p>\n\n\n\n<p>D\u00edas antes, pidi\u00f3 la intervenci\u00f3n del Presidente de la Rep\u00fablica, Andr\u00e9s Manuel L\u00f3pez Obrador, para que se instale la mesa de paz, justicia y desarrollo en esa zona de la regi\u00f3n Mixteca, ante los recientes sucesos de violencia.<\/p>\n","protected":false},"excerpt":{"rendered":"<p>Evlin Arag\u00f3n\/Zona Roja. Oaxaca de Ju\u00e1rez, Oax., 29 de octubre de 2020.- Integrantes del Movimiento&hellip;<\/p>\n","protected":false},"author":2,"featured_media":19394,"comment_status":"closed","ping_status":"open","sticky":false,"template":"","format":"standard","meta":{"_lmt_disableupdate":"","_lmt_disable":"","_jetpack_memberships_contains_paid_content":false,"footnotes":""},"categories":[109,47],"tags":[732],"class_list":["post-19393","post","type-post","status-publish","format-standard","has-post-thumbnail","hentry","category-minuto-a-minuto","category-zona-gris","tag-movimiento-de-unificacion-y-lucha-triqui"],"jetpack_featured_media_url":"https:\/\/zonaroja.com.mx\/wp-content\/uploads\/2020\/10\/MULT-levanta-huelga.jpg","jetpack_sharing_enabled":true,"_links":{"self":[{"href":"https:\/\/zonaroja.com.mx\/index.php?rest_route=\/wp\/v2\/posts\/19393","targetHints":{"allow":["GET"]}}],"collection":[{"href":"https:\/\/zonaroja.com.mx\/index.php?rest_route=\/wp\/v2\/posts"}],"about":[{"href":"https:\/\/zonaroja.com.mx\/index.php?rest_route=\/wp\/v2\/types\/post"}],"author":[{"embeddable":true,"href":"https:\/\/zonaroja.com.mx\/index.php?rest_route=\/wp\/v2\/users\/2"}],"replies":[{"embeddable":true,"href":"https:\/\/zonaroja.com.mx\/index.php?rest_route=%2Fwp%2Fv2%2Fcomments&post=19393"}],"version-history":[{"count":1,"href":"https:\/\/zonaroja.com.mx\/index.php?rest_route=\/wp\/v2\/posts\/19393\/revisions"}],"predecessor-version":[{"id":19395,"href":"https:\/\/zonaroja.com.mx\/index.php?rest_route=\/wp\/v2\/posts\/19393\/revisions\/19395"}],"wp:featuredmedia":[{"embeddable":true,"href":"https:\/\/zonaroja.com.mx\/index.php?rest_route=\/wp\/v2\/media\/19394"}],"wp:attachment":[{"href":"https:\/\/zonaroja.com.mx\/index.php?rest_route=%2Fwp%2Fv2%2Fmedia&parent=19393"}],"wp:term":[{"taxonomy":"category","embeddable":true,"href":"https:\/\/zonaroja.com.mx\/index.php?rest_route=%2Fwp%2Fv2%2Fcategories&post=19393"},{"taxonomy":"post_tag","embeddable":true,"href":"https:\/\/zonaroja.com.mx\/index.php?rest_route=%2Fwp%2Fv2%2Ftags&post=19393"}],"curies":[{"name":"wp","href":"https:\/\/api.w.org\/{rel}","templated":true}]}}