{"id":19396,"date":"2020-10-29T16:21:11","date_gmt":"2020-10-29T22:21:11","guid":{"rendered":"http:\/\/www.zonaroja.com.mx\/?p=19396"},"modified":"2020-10-29T16:21:16","modified_gmt":"2020-10-29T22:21:16","slug":"trabajadores-de-los-servicios-de-salud-no-cesan-protestas-pese-a-pandemia","status":"publish","type":"post","link":"https:\/\/zonaroja.com.mx\/?p=19396","title":{"rendered":"Trabajadores de los Servicios de Salud no cesan protestas pese a pandemia"},"content":{"rendered":"\n<p>Yuridiana Sosa<\/p>\n\n\n\n<p>Oaxaca de Ju\u00e1rez, Oax., 29 de octubre de 2020.- Trabajadores del sector, de forma separada, mantienen protestas contra los Servicios de Salud de Oaxaca (SSO) por incertidumbre laboral ante las omisiones para formalizar los puestos de trabajo, as\u00ed como por los despidos registrados.<\/p>\n\n\n\n<p>Este jueves. las manifestaciones continuaron en la capital del estado, donde integrantes del Frente Nacional de Trabajadores de Salud se apoderaron de las instalaciones de la dependencia, en la calle de J.P. Garc\u00eda, en el Centro Hist\u00f3rico de la capital, donde tambi\u00e9n bloquearon por unos momentos la vialidad.<\/p>\n\n\n\n<p>El secretario de Conflictos del Frente, H\u00e9ctor Miguel Cant\u00f3n, se\u00f1al\u00f3 que exigen el cese de los despidos a los trabajadores de contrato, a\u00fan en medio de la contingencia por Covid-19.<\/p>\n\n\n\n<p>Indic\u00f3 que por esta situaci\u00f3n, ya interpusieron una queja ante la Defensor\u00eda de los Derechos Humanos del Pueblo de Oaxaca, pero de ser necesario tambi\u00e9n acudir\u00e1n ante la Junta Local de Conciliaci\u00f3n y Arbitraje, pues tambi\u00e9n existe la omisi\u00f3n de otorgar la prestaci\u00f3n de los servicios de salud al mismo personal de este sector.<\/p>\n\n\n\n<p>El dirigente llam\u00f3 a los afectados de otros gremios a unirse en un solo frente para esta exigencia que afectar\u00eda a m\u00e1s de dos mil trabajadores del sector en la entidad.<\/p>\n\n\n\n<p>TAMBI\u00c9N JURISDICCI\u00d3N<\/p>\n\n\n\n<p>Por su parte, personal de la Jurisdicci\u00f3n Sanitaria N\u00famero 1 de Valles Centrales, de la Secci\u00f3n 35 del Sindicato Nacional de Trabajadores de Salud (SNTSA) advirti\u00f3 sobre la instalaci\u00f3n de una asamblea permanente en pr\u00f3ximos d\u00edas.<\/p>\n\n\n\n<p>La delegaci\u00f3n sindical \u201cFor\u00e1neos\u201d de esta gremial denunci\u00f3 que el director de Administraci\u00f3n de los SSO, David Concha Su\u00e1rez, se ha negado a establecer una mesa de trabajo para la revisi\u00f3n de la regularizaci\u00f3n de los cambios de adscripci\u00f3n pendientes de decenas de trabajadores.<\/p>\n\n\n\n<p>La mesa de trabajo se solicit\u00f3 desde los meses de abril y julio, pero hasta la fecha no han tenido respuestas favorables, informaron en un oficio al secretario Donato Casas.<\/p>\n\n\n\n<p>Pero tambi\u00e9n, desde el pasado martes el personal del Hospital General de Tuxtepec, adheridos a la Secci\u00f3n 35 del SNTSA iniciaron un paro de labores para exigir la contrataci\u00f3n de personal m\u00e9dico para agilizar las atenciones en este nosocomio en la regi\u00f3n de la Cuenca, donde este martes, por falta de doctores una mujer falleci\u00f3 a su puerta de urgencias en espera de ser recibida.<\/p>\n","protected":false},"excerpt":{"rendered":"<p>Yuridiana Sosa Oaxaca de Ju\u00e1rez, Oax., 29 de octubre de 2020.- Trabajadores del sector, de&hellip;<\/p>\n","protected":false},"author":2,"featured_media":19397,"comment_status":"closed","ping_status":"open","sticky":false,"template":"","format":"standard","meta":{"_lmt_disableupdate":"","_lmt_disable":"","_jetpack_memberships_contains_paid_content":false,"footnotes":""},"categories":[109,47],"tags":[1005],"class_list":["post-19396","post","type-post","status-publish","format-standard","has-post-thumbnail","hentry","category-minuto-a-minuto","category-zona-gris","tag-servicios-de-salud-de-oaxaca-sso"],"jetpack_featured_media_url":"https:\/\/zonaroja.com.mx\/wp-content\/uploads\/2020\/10\/Protesta-salud-2.jpg","jetpack_sharing_enabled":true,"_links":{"self":[{"href":"https:\/\/zonaroja.com.mx\/index.php?rest_route=\/wp\/v2\/posts\/19396","targetHints":{"allow":["GET"]}}],"collection":[{"href":"https:\/\/zonaroja.com.mx\/index.php?rest_route=\/wp\/v2\/posts"}],"about":[{"href":"https:\/\/zonaroja.com.mx\/index.php?rest_route=\/wp\/v2\/types\/post"}],"author":[{"embeddable":true,"href":"https:\/\/zonaroja.com.mx\/index.php?rest_route=\/wp\/v2\/users\/2"}],"replies":[{"embeddable":true,"href":"https:\/\/zonaroja.com.mx\/index.php?rest_route=%2Fwp%2Fv2%2Fcomments&post=19396"}],"version-history":[{"count":1,"href":"https:\/\/zonaroja.com.mx\/index.php?rest_route=\/wp\/v2\/posts\/19396\/revisions"}],"predecessor-version":[{"id":19398,"href":"https:\/\/zonaroja.com.mx\/index.php?rest_route=\/wp\/v2\/posts\/19396\/revisions\/19398"}],"wp:featuredmedia":[{"embeddable":true,"href":"https:\/\/zonaroja.com.mx\/index.php?rest_route=\/wp\/v2\/media\/19397"}],"wp:attachment":[{"href":"https:\/\/zonaroja.com.mx\/index.php?rest_route=%2Fwp%2Fv2%2Fmedia&parent=19396"}],"wp:term":[{"taxonomy":"category","embeddable":true,"href":"https:\/\/zonaroja.com.mx\/index.php?rest_route=%2Fwp%2Fv2%2Fcategories&post=19396"},{"taxonomy":"post_tag","embeddable":true,"href":"https:\/\/zonaroja.com.mx\/index.php?rest_route=%2Fwp%2Fv2%2Ftags&post=19396"}],"curies":[{"name":"wp","href":"https:\/\/api.w.org\/{rel}","templated":true}]}}