{"id":19399,"date":"2020-10-29T17:20:38","date_gmt":"2020-10-29T23:20:38","guid":{"rendered":"http:\/\/www.zonaroja.com.mx\/?p=19399"},"modified":"2020-10-29T17:20:40","modified_gmt":"2020-10-29T23:20:40","slug":"diputada-se-pronuncia-en-contra-de-la-instalacion-de-parquimetros-en-oaxaca","status":"publish","type":"post","link":"https:\/\/zonaroja.com.mx\/?p=19399","title":{"rendered":"Diputada se pronuncia en contra de la instalaci\u00f3n de parqu\u00edmetros en Oaxaca"},"content":{"rendered":"\n<p>Redacci\u00f3n\/Zona Roja. Foto: Ilustraci\u00f3n<\/p>\n\n\n\n<p>Oaxaca de Ju\u00e1rez, Oax. 29 de octubre de 2020.- En el Congreso de Oaxaca se emiti\u00f3 un pronunciamiento en contra la instalaci\u00f3n de parqu\u00edmetros en el Centro Hist\u00f3rico de la capital oaxaque\u00f1a, una responsabilidad que es exclusiva del Cabildo municipal de Oaxaca de Ju\u00e1rez<\/p>\n\n\n\n<p>En este sentido la legisladora Hilda Graciela P\u00e9rez Luis, manifest\u00f3&nbsp; que la instalaci\u00f3n de parqu\u00edmetros no puede realizarse a partir de los resultados de una consulta. Adem\u00e1s, porque la autoridad municipal no tiene la facultad legal para llevarla a cabo.<\/p>\n\n\n\n<p>Asimismo, explic\u00f3 que el problema no se resuelve con la instalaci\u00f3n de parqu\u00edmetros; es necesario hacer un estudio sobre la viabilidad de su instalaci\u00f3n, revisar el tama\u00f1o de las calles, la circulaci\u00f3n de camiones grandes, el estacionarse en doble fila, el ambulantaje que es un tema descontrolado.<\/p>\n\n\n\n<p>Hilda Luis destac\u00f3 que el tema&nbsp; de movilidad y estacionamiento es una necesidad que debe ser atendida y sobretodo regulada, ya que a la fecha no se cuenta con un marco legal claro con el que se genere certeza jur\u00eddica a la ciudadan\u00eda que hace uso de los mismos, reiterando que los parqu\u00edmetros no son la soluci\u00f3n.<\/p>\n\n\n\n<p>Dijo que garantizar a la poblaci\u00f3n una efectiva prestaci\u00f3n de servicio de estacionamiento p\u00fablico es un tema importante que se debe de abordar.<\/p>\n\n\n\n<p>Agreg\u00f3 que la autorizaci\u00f3n de instalaci\u00f3n de parqu\u00edmetros, se tiene que analizar de manera objetiva, puntual y no de manera arbitraria o autoritaria con la determinaci\u00f3n \u00fanica y exclusiva de los ayuntamientos, por ello en el exhorto plantea que la Secretar\u00eda de Movilidad realice un estudio y determine sobre la viabilidad de la instalaci\u00f3n de \u00e9stos en el Municipio de Oaxaca de Ju\u00e1rez.<\/p>\n\n\n\n<p>Tambi\u00e9n pidi\u00f3 a la titular de dicha secretar\u00eda, que realice una verificaci\u00f3n exhaustiva de los establecimientos que brindan el servicio de estacionamientos p\u00fablicos, a fin de garantizar que la prestaci\u00f3n del servicio, sea conforme a derecho y con tarifas susceptibles para los usuarios y de ser el caso, acorde a la competencia de los ayuntamientos valore la pertinencia de la revocaci\u00f3n de dichos permisos o concesiones para continuar prestando el servicio.<\/p>\n","protected":false},"excerpt":{"rendered":"<p>Redacci\u00f3n\/Zona Roja. Foto: Ilustraci\u00f3n Oaxaca de Ju\u00e1rez, Oax. 29 de octubre de 2020.- En el&hellip;<\/p>\n","protected":false},"author":2,"featured_media":19400,"comment_status":"closed","ping_status":"open","sticky":false,"template":"","format":"standard","meta":{"_lmt_disableupdate":"","_lmt_disable":"","_jetpack_memberships_contains_paid_content":false,"footnotes":""},"categories":[109,47],"tags":[2150,2151],"class_list":["post-19399","post","type-post","status-publish","format-standard","has-post-thumbnail","hentry","category-minuto-a-minuto","category-zona-gris","tag-hilda-graciela-perez-luis","tag-parquimetros-ciudad-de-oaxaca"],"jetpack_featured_media_url":"https:\/\/zonaroja.com.mx\/wp-content\/uploads\/2020\/10\/Parquimetros.jpg","jetpack_sharing_enabled":true,"_links":{"self":[{"href":"https:\/\/zonaroja.com.mx\/index.php?rest_route=\/wp\/v2\/posts\/19399","targetHints":{"allow":["GET"]}}],"collection":[{"href":"https:\/\/zonaroja.com.mx\/index.php?rest_route=\/wp\/v2\/posts"}],"about":[{"href":"https:\/\/zonaroja.com.mx\/index.php?rest_route=\/wp\/v2\/types\/post"}],"author":[{"embeddable":true,"href":"https:\/\/zonaroja.com.mx\/index.php?rest_route=\/wp\/v2\/users\/2"}],"replies":[{"embeddable":true,"href":"https:\/\/zonaroja.com.mx\/index.php?rest_route=%2Fwp%2Fv2%2Fcomments&post=19399"}],"version-history":[{"count":1,"href":"https:\/\/zonaroja.com.mx\/index.php?rest_route=\/wp\/v2\/posts\/19399\/revisions"}],"predecessor-version":[{"id":19401,"href":"https:\/\/zonaroja.com.mx\/index.php?rest_route=\/wp\/v2\/posts\/19399\/revisions\/19401"}],"wp:featuredmedia":[{"embeddable":true,"href":"https:\/\/zonaroja.com.mx\/index.php?rest_route=\/wp\/v2\/media\/19400"}],"wp:attachment":[{"href":"https:\/\/zonaroja.com.mx\/index.php?rest_route=%2Fwp%2Fv2%2Fmedia&parent=19399"}],"wp:term":[{"taxonomy":"category","embeddable":true,"href":"https:\/\/zonaroja.com.mx\/index.php?rest_route=%2Fwp%2Fv2%2Fcategories&post=19399"},{"taxonomy":"post_tag","embeddable":true,"href":"https:\/\/zonaroja.com.mx\/index.php?rest_route=%2Fwp%2Fv2%2Ftags&post=19399"}],"curies":[{"name":"wp","href":"https:\/\/api.w.org\/{rel}","templated":true}]}}